{"id":241533,"date":"2025-12-31T10:00:34","date_gmt":"2025-12-31T13:00:34","guid":{"rendered":"https:\/\/corrientesdetarde.com\/?p=241533"},"modified":"2025-12-31T10:00:35","modified_gmt":"2025-12-31T13:00:35","slug":"los-hijos-de-los-barrios-y-la-callejera-estrenaron-retorno","status":"publish","type":"post","link":"https:\/\/corrientesdetarde.com\/index.php\/cultura\/los-hijos-de-los-barrios-y-la-callejera-estrenaron-retorno\/","title":{"rendered":"Los Hijos de los Barrios y La Callejera estrenaron &#8220;Retorno&#8221;"},"content":{"rendered":"\n<p>El grupo liderado por N\u00e9stor y Tomas grab\u00f3 este cl\u00e1sico chamamecero junto a Ariel &#8220;Chaco&#8221; Andrada despidiendo as\u00ed el 2025. &#8220;Fue una aut\u00e9ntica enchamigada y tiene que ver con el sentido de pertenencia que tenemos con la m\u00fasica&#8221;, expresaron los correntinos.<\/p>\n\n\n\n<p>En un cierre de a\u00f1o que celebra la hermandad chamamecera, Los Hijos de los Barrios junto al reconocido grupo folcl\u00f3rico La Callejera presentaron ayer el videoclip de &#8220;Retorno&#8221;, una emblem\u00e1tica obra litorale\u00f1a. La misma ya est\u00e1 disponible en todas las plataformas digitales. La pieza, autor\u00eda de Salvador Miqueri y Mario del Tr\u00e1nsito Cocomarola, fue registrada en vivo el pasado 26 de septiembre en el Studio Theater de C\u00f3rdoba, durante el ciclo &#8220;La pe\u00f1a que baila&#8221;.<\/p>\n\n\n\n<p>Para el m\u00fasico cordob\u00e9s Ariel &#8220;Chaco&#8221; Andrada, esta versi\u00f3n es un &#8220;regocijo para el coraz\u00f3n&#8221; y un b\u00e1lsamo para el alma, contando con la colaboraci\u00f3n de quienes define como el tronco fundamental de la naci\u00f3n chamamecera: Los Hijos de los Barrios.<\/p>\n\n\n\n<p>Los m\u00fasicos correntinos N\u00e9stor y Tom\u00e1s Barrios destacaron que fue una experiencia maravillosa y que brinda un valioso aporte al cancionero chamamecero. &#8220;Fue una aut\u00e9ntica enchamigada y tiene que ver con el sentido de pertenencia que tenemos con la m\u00fasica&#8221;, refiri\u00f3 Nestor en di\u00e1logo con \u00e9poca, quien record\u00f3 c\u00f3mo se gest\u00f3 este encuentro musical que une las bailantas cordobesas con el sentimiento correntino.<\/p>\n\n\n\n<h2 class=\"wp-block-heading\">\u00bfC\u00f3mo se dio esta participaci\u00f3n en el escenario con La Callejera?<\/h2>\n\n\n\n<p>Para nosotros fue muy emocionante, de esas experiencias que te llenan el coraz\u00f3n, y sobre todo poder cantar junto a uno de los artistas m\u00e1s queridos del folclore argentino como es Ariel, una extraordinaria persona. Estamos muy agradecidos por esta invitaci\u00f3n que surgi\u00f3 porque ellos hicieron &#8220;La pe\u00f1a que baila&#8221;, que la llevan por todos lados.<\/p>\n\n\n\n<p>La grabaci\u00f3n fue en C\u00f3rdoba hace unos meses atr\u00e1s. Nosotros est\u00e1bamos en Buenos Aires y, como siempre hablamos con Ariel, nos contactamos. Justo and\u00e1bamos haciendo la promoci\u00f3n de nuestro show en el Gran Rex. De ah\u00ed nos fuimos para C\u00f3rdoba y compartimos un hermoso momento grabando este tema y otros temas m\u00e1s.<\/p>\n\n\n\n<h2 class=\"wp-block-heading\">&#8220;Retorno&#8221; es un t\u00edtulo con mucho peso en el chamam\u00e9\u0085<\/h2>\n\n\n\n<p>S\u00ed, qued\u00f3 muy lindo. La canci\u00f3n es un cl\u00e1sico de Salvador Miqueri y Mario del Tr\u00e1nsito Cocomarola. Ariel vino despu\u00e9s tambi\u00e9n al Gran Rex con nosotros; ese material lo vamos a terminar de editar ahora antes de febrero, si Dios quiere, para lanzarlo tambi\u00e9n. Pero ahora est\u00e1 esto que hicieron ellos, que qued\u00f3 muy bien logrado.<\/p>\n\n\n\n<h2 class=\"wp-block-heading\">\u00bfQu\u00e9 significa para Los Hijos de los Barrios compartir con una banda de perfil tan federal?<\/h2>\n\n\n\n<p>Siempre es bueno encontrarse. Nosotros and\u00e1bamos con mucho movimiento por lo del Rex y hacernos el tiempo para ir a C\u00f3rdoba y grabar en vivo con La Callejera fue muy positivo. El resultado est\u00e1 a la vista en este estreno y para nosotros compartir estos momentos es muy importante, desde el lado humano y de profunda amistad.<\/p>\n\n\n\n<p>El videoclip ya se puede disfrutar en el canal oficial de YouTube de La Callejera y en servicios de streaming como Spotify, marcando uno de los hitos folcl\u00f3ricos del cierre de este 2025.<\/p>\n","protected":false},"excerpt":{"rendered":"<p>El grupo liderado por N\u00e9stor y Tomas grab\u00f3 este cl\u00e1sico chamamecero junto a Ariel &#8220;Chaco&#8221; Andrada despidiendo as\u00ed el 2025. &#8220;Fue una aut\u00e9ntica enchamigada y tiene que ver con el&hellip; <\/p>\n","protected":false},"author":3,"featured_media":241536,"comment_status":"closed","ping_status":"open","sticky":false,"template":"","format":"standard","meta":{"footnotes":""},"categories":[15],"tags":[],"class_list":["post-241533","post","type-post","status-publish","format-standard","has-post-thumbnail","hentry","category-cultura"],"_links":{"self":[{"href":"https:\/\/corrientesdetarde.com\/index.php\/wp-json\/wp\/v2\/posts\/241533","targetHints":{"allow":["GET"]}}],"collection":[{"href":"https:\/\/corrientesdetarde.com\/index.php\/wp-json\/wp\/v2\/posts"}],"about":[{"href":"https:\/\/corrientesdetarde.com\/index.php\/wp-json\/wp\/v2\/types\/post"}],"author":[{"embeddable":true,"href":"https:\/\/corrientesdetarde.com\/index.php\/wp-json\/wp\/v2\/users\/3"}],"replies":[{"embeddable":true,"href":"https:\/\/corrientesdetarde.com\/index.php\/wp-json\/wp\/v2\/comments?post=241533"}],"version-history":[{"count":1,"href":"https:\/\/corrientesdetarde.com\/index.php\/wp-json\/wp\/v2\/posts\/241533\/revisions"}],"predecessor-version":[{"id":241550,"href":"https:\/\/corrientesdetarde.com\/index.php\/wp-json\/wp\/v2\/posts\/241533\/revisions\/241550"}],"wp:featuredmedia":[{"embeddable":true,"href":"https:\/\/corrientesdetarde.com\/index.php\/wp-json\/wp\/v2\/media\/241536"}],"wp:attachment":[{"href":"https:\/\/corrientesdetarde.com\/index.php\/wp-json\/wp\/v2\/media?parent=241533"}],"wp:term":[{"taxonomy":"category","embeddable":true,"href":"https:\/\/corrientesdetarde.com\/index.php\/wp-json\/wp\/v2\/categories?post=241533"},{"taxonomy":"post_tag","embeddable":true,"href":"https:\/\/corrientesdetarde.com\/index.php\/wp-json\/wp\/v2\/tags?post=241533"}],"curies":[{"name":"wp","href":"https:\/\/api.w.org\/{rel}","templated":true}]}}