{"id":241556,"date":"2025-12-31T11:03:25","date_gmt":"2025-12-31T14:03:25","guid":{"rendered":"https:\/\/corrientesdetarde.com\/?p=241556"},"modified":"2026-01-01T01:51:24","modified_gmt":"2026-01-01T04:51:24","slug":"desde-las-23-regira-el-plan-de-seguridad-integral-para-ano-nuevo-2025-2026","status":"publish","type":"post","link":"https:\/\/corrientesdetarde.com\/index.php\/locales\/desde-las-23-regira-el-plan-de-seguridad-integral-para-ano-nuevo-2025-2026\/","title":{"rendered":"Desde las 23, regir\u00e1 el Plan de Seguridad Integral para A\u00f1o Nuevo 2025-2026"},"content":{"rendered":"\n<p>El Ministerio de Seguridad de la Provincia de Corrientes, en conjunto con la Jefatura de Polic\u00eda, ha dispuesto un Plan de Seguridad Integral y Coordinado para reforzar la prevenci\u00f3n de delitos y garantizar la seguridad p\u00fablica durante las celebraciones de fin de a\u00f1o (31 de diciembre de 2025 y 1 de enero de 2026).<\/p>\n\n\n\n<p>Este operativo movilizar\u00e1 todos los recursos humanos y materiales de la Polic\u00eda para proteger objetivos preventivos como comercios, bancos y cajeros autom\u00e1ticos. La estrategia incluye un incremento progresivo de la presencia policial, el uso de tecnolog\u00eda como c\u00e1maras de seguridad con GPS en m\u00f3viles monitoreados por el 911, y la aplicaci\u00f3n de medidas espec\u00edficas de seguridad en las distintas jurisdicciones del Interior provincial.<\/p>\n\n\n\n<p>En el \u00c1rea Capital, se implementar\u00e1 un servicio especial en las Costaneras &#8220;General San Mart\u00edn&#8221; y &#8220;Juan Pablo II&#8221; desde las 23:00 hasta las 07:00 horas. Para ello, se restringir\u00e1 totalmente el ingreso de veh\u00edculos y, fundamentalmente, no se permitir\u00e1 el ingreso de bebidas alcoh\u00f3licas ni botellas de vidrio a la zona de ambas costaneras para evitar incidentes. Adem\u00e1s, se reforzar\u00e1 la seguridad perimetral en parques y plazas clave (como Parque Mitre, Plaza Vera y Plaza del Bicentenario), contando con el apoyo de Grupos Especiales para asegurar una desconcentraci\u00f3n ordenada de los eventos festivos.<\/p>\n\n\n\n<h2 class=\"wp-block-heading\"><strong>\u00c1rea Capital:<\/strong><\/h2>\n\n\n\n<p>El d\u00eda 31 de diciembre de 2025 en la Costanera &#8220;General San Mart\u00edn&#8221;, &#8220;Juan Pablo II&#8221;, desde las 23:00 hasta las 07:00 horas del d\u00eda siguiente, se implementar\u00e1 un servicio especial.<\/p>\n\n\n\n<p>Para ello, se RESTRINGIRA el ingreso de todo tipo de veh\u00edculos, disponi\u00e9ndose para ello, puestos policiales vallados en el per\u00edmetro pr\u00f3ximo a ambas costaneras, NO SE PERMITIRA (a la zona de ambas costaneras) el ingreso de bebidas alcoh\u00f3licas, ni botellas de vidrio u otros objetos que puedan ser utilizados para da\u00f1ar la integridad f\u00edsica de otra persona y as\u00ed tambi\u00e9n evitar cualquier alteraci\u00f3n del orden p\u00fablico.<\/p>\n\n\n\n<p>Tambi\u00e9n, se tiene previsto un cerramiento parcial en la zona del Parque Mitre y se reforzar\u00e1 la seguridad perimetral, Plaza Vera, Parque Camba Cu\u00e1, Rotonda Poncho Verde, Plaza del Bicentenario y Plaza del Mercosur y dem\u00e1s espacios p\u00fablicos.<\/p>\n\n\n\n<p>Cabe se\u00f1alar que, en la capital, adem\u00e1s de las diferentes Comisarias jurisdiccionales, se contar\u00e1 con el refuerzo de los Grupos Especiales (P.A.R.; Infanter\u00eda; G.T.O; G.I.R.; G.R.I.M. del 1 al 5, Caballer\u00eda; Direcci\u00f3n de Lucha contra el fuego), quienes colaborar\u00e1n con la desconcentraci\u00f3n ordenada de los eventos bailables (P\u00fablicos o Privados), luego de lo cual y una vez finalizado el servicio especial de seguridad en ambas fiestas, estos organismos y otros continuar\u00e1n con las tareas de prevenci\u00f3n de manera normal.<\/p>\n\n\n\n<p>Se reforzar\u00e1n los patrullajes de prevenci\u00f3n en todo el \u00e1mbito de la ciudad Capital.<\/p>\n\n\n\n<h2 class=\"wp-block-heading\">\u00c1rea Interior:<\/h2>\n\n\n\n<p>&#8211; Los Directores de las Unidades Regionales de I\u00b0 a VII\u00b0, tendr\u00e1n a su cargo la responsabilidad de implementar un servicio de seguridad y prevenci\u00f3n, conforme a las caracter\u00edsticas particulares de cada jurisdicci\u00f3n, en base a las instrucciones impartidas mediante la presente Orden Operacional. &nbsp;Teniendo en cuenta los espacios p\u00fablicos que posean (Plazas, Parques, Paseos, Playas, etc.), para el correspondiente vallado perimetral, a fin de REDIRECCIONAR la circulaci\u00f3n de todo tipo de veh\u00edculo, tendiente a evitar siniestros viales y asegurar el libre esparcimiento y la seguridad de las personas que concurran y se desplacen por el lugar.<\/p>\n\n\n\n<p><strong>PUESTOS POLICIALES PARA EL REDIRECCIONAMIENTO DE TODO TIPO DE VEHICULOS<\/strong><\/p>\n\n\n\n<p>1- AV. COSTANERA NORTE GRAL. SAN MARTIN Y PELLEGRINI<\/p>\n\n\n\n<p>2- JUN\u00cdN Y PAGO LARGO<\/p>\n\n\n\n<p>3- PADRE BORGATTI Y HIP\u00d3LITO IRIGOYEN<\/p>\n\n\n\n<p>4- PADRE BORGATTI Y SAN MARTIN<\/p>\n\n\n\n<p>5- PADRE BORGATTI Y BOL\u00cdVAR<\/p>\n\n\n\n<p>6- PADRE BORGATTI Y PASAJE QUEVEDO<\/p>\n\n\n\n<p>7- AV. COSTANERA SUR JUAN PABLO II Y LAVALLE<\/p>\n\n\n\n<p>8- AV. 3 DE ABRIL Y DR. ESIO SILVEIRA<\/p>\n\n\n\n<p>9- ESIO SILVEIRA Y LAVALLE<\/p>\n\n\n\n<p>10- LLANO RODR\u00cdGUEZ Y GENERAL PAZ<\/p>\n\n\n\n<p>11- AV. COSTANERA SUR JUAN PABLO II Y GENERAL PAZ<\/p>\n\n\n\n<p>12- AV. COSTANERA SUR JUAN PABLO II Y NECOCHEA<\/p>\n\n\n\n<p>13- AV. COSTANERA SUR JUAN PABLO II Y LAS HERAS<\/p>\n\n\n\n<p>14- AV. COSTANERA SUR JUAN PABLO II Y LA MADRID<\/p>\n\n\n\n<p>15- AV. COSTANERA SUR JUAN PABLO II Y AV. JORGE ROMERO<\/p>\n\n\n\n<p>16- LA MADRID Y PASAJE MORGAN<\/p>\n\n\n\n<p>17- LAMADRID Y PAGO LARGO<\/p>\n\n\n\n<p>18- PAGO LARGO Y LAS HERAS<\/p>\n\n\n\n<p>19- PAGO LARGO Y NECOCHEA<\/p>\n\n\n\n<p>20- PAGO LARGO Y GENERAL PAZ<\/p>\n\n\n\n<p>21-ROTONDA JORGE ROMERO BANDA LATERAL ESTE<\/p>\n\n\n\n<p>OBSERVACIONES:<strong>&nbsp;Se habilitar\u00e1 un corredor de circulaci\u00f3n de veh\u00edculos, con ingreso por calle General Paz y con salida por Avenida Jorge Romero<\/strong>, a los fines de que las personas que concurran a los locales bailables ubicados en el predio de Boca Unidos y sobre calle Lamadrid, que cuentan con espacio privado para el estacionamiento puedan llegar al lugar y que aquellas personas que se trasladen en taxis, remises, uber, etc., hasta esos lugares (boliches) lleguen en forma segura.<\/p>\n","protected":false},"excerpt":{"rendered":"<p>El Ministerio de Seguridad de la Provincia de Corrientes, en conjunto con la Jefatura de Polic\u00eda, ha dispuesto un Plan de Seguridad Integral y Coordinado para reforzar la prevenci\u00f3n de&hellip; <\/p>\n","protected":false},"author":3,"featured_media":241562,"comment_status":"closed","ping_status":"open","sticky":false,"template":"","format":"standard","meta":{"footnotes":""},"categories":[23,8],"tags":[],"class_list":["post-241556","post","type-post","status-publish","format-standard","has-post-thumbnail","hentry","category-actualidad","category-locales"],"_links":{"self":[{"href":"https:\/\/corrientesdetarde.com\/index.php\/wp-json\/wp\/v2\/posts\/241556","targetHints":{"allow":["GET"]}}],"collection":[{"href":"https:\/\/corrientesdetarde.com\/index.php\/wp-json\/wp\/v2\/posts"}],"about":[{"href":"https:\/\/corrientesdetarde.com\/index.php\/wp-json\/wp\/v2\/types\/post"}],"author":[{"embeddable":true,"href":"https:\/\/corrientesdetarde.com\/index.php\/wp-json\/wp\/v2\/users\/3"}],"replies":[{"embeddable":true,"href":"https:\/\/corrientesdetarde.com\/index.php\/wp-json\/wp\/v2\/comments?post=241556"}],"version-history":[{"count":1,"href":"https:\/\/corrientesdetarde.com\/index.php\/wp-json\/wp\/v2\/posts\/241556\/revisions"}],"predecessor-version":[{"id":241563,"href":"https:\/\/corrientesdetarde.com\/index.php\/wp-json\/wp\/v2\/posts\/241556\/revisions\/241563"}],"wp:featuredmedia":[{"embeddable":true,"href":"https:\/\/corrientesdetarde.com\/index.php\/wp-json\/wp\/v2\/media\/241562"}],"wp:attachment":[{"href":"https:\/\/corrientesdetarde.com\/index.php\/wp-json\/wp\/v2\/media?parent=241556"}],"wp:term":[{"taxonomy":"category","embeddable":true,"href":"https:\/\/corrientesdetarde.com\/index.php\/wp-json\/wp\/v2\/categories?post=241556"},{"taxonomy":"post_tag","embeddable":true,"href":"https:\/\/corrientesdetarde.com\/index.php\/wp-json\/wp\/v2\/tags?post=241556"}],"curies":[{"name":"wp","href":"https:\/\/api.w.org\/{rel}","templated":true}]}}