{"id":241564,"date":"2025-12-31T13:17:41","date_gmt":"2025-12-31T16:17:41","guid":{"rendered":"https:\/\/corrientesdetarde.com\/?p=241564"},"modified":"2025-12-31T15:54:47","modified_gmt":"2025-12-31T18:54:47","slug":"diogenes-gonzalez-pide-en-el-congreso-que-el-gobierno-nacional-declare-a-corrientes-en-emergencia-hidrica","status":"publish","type":"post","link":"https:\/\/corrientesdetarde.com\/index.php\/destacados\/diogenes-gonzalez-pide-en-el-congreso-que-el-gobierno-nacional-declare-a-corrientes-en-emergencia-hidrica\/","title":{"rendered":"Di\u00f3genes Gonz\u00e1lez pide en el Congreso que el Gobierno nacional declare a Corrientes en Emergencia H\u00eddrica"},"content":{"rendered":"\n<h2 class=\"wp-block-heading\">Para paliar los efectos de las inundaciones, el flamante legislador nacional correntino present\u00f3 el Proyecto de Declaraci\u00f3n para que, a las acciones desplegadas por el gobierno provincial, se sumen recursos y acciones de la Naci\u00f3n para asistir a las v\u00edctimas.<\/h2>\n\n\n\n<p>El diputado nacional Di\u00f3genes Gonz\u00e1lez present\u00f3 en el Congreso de la Naci\u00f3n un proyecto de declaraci\u00f3n para que el Gobierno nacional \u201carbitre los medios necesarios para declarar la emergencia h\u00eddrica e instrumente las medidas pertinentes para mitigar las consecuencias sanitarias, sociales y productivas\u201d en los departamentos de la provincia de Corrientes afectados por las recientes lluvias.<\/p>\n\n\n\n<p>Gonz\u00e1lez, diputado de extracci\u00f3n radical asumido el 10 de diciembre \u00faltimo y ex funcionario del gobierno de Gustavo Vald\u00e9s en la alianza Vamos Corrientes, expone en los fundamentos de su proyecto que Corrientes \u201catraviesa una situaci\u00f3n de extrema gravedad como consecuencia de intensas y persistentes precipitaciones que han alcanzado niveles r\u00e9cord, generando una r\u00e1pida crecida de cursos de agua, anegamientos generalizados y severas afectaciones en distintas localidades del territorio provincial\u201d.<\/p>\n\n\n\n<p>Las lluvias que afront\u00f3 la provincia tienen todas las caracter\u00edsticas de los fen\u00f3menos clim\u00e1ticos extremos que se generalizaron con el cambio clim\u00e1tico: r\u00e9cord con precipitaciones que superaron los 300 a 400 mil\u00edmetros en per\u00edodos muy cortos, desencadenando anegamientos generalizados, saturaci\u00f3n del suelo y el colapso de sistemas de drenaje pluviales, lo que gener\u00f3 cortes en el suministro el\u00e9ctrico, interrupciones en la red de transporte y servicios b\u00e1sicos, y dej\u00f3 barrios y zonas rurales bajo el agua.<\/p>\n\n\n\n<p>\u201cLa magnitud de este temporal oblig\u00f3 a la intervenci\u00f3n de fuerzas de seguridad, Defensa Civil, Bomberos y diversas \u00e1reas del Estado provincial para asistir a las familias afectadas y coordinar tareas de asistencia y evacuaci\u00f3n en distintas localidades de la provincia\u201d, expone Gonz\u00e1lez en su presentaci\u00f3n legislativa.<\/p>\n\n\n\n<p>El legislador dedica adem\u00e1s un p\u00e1rrafo especial para referirse a la situaci\u00f3n de San Luis del Palmar, la localidad m\u00e1s afectada por el fen\u00f3meno de lluvias extremas. En este Departamento \u201cel desborde del Riachuelo local, junto con los acumulados de lluvia que superaron ampliamente los promedios hist\u00f3ricos, provoc\u00f3 que barrios enteros quedaran bajo el agua y oblig\u00f3 a evacuar a unas 400 personas, en un contexto en el que se prev\u00e9 la continuidad de las precipitaciones en los pr\u00f3ximos d\u00edas\u201d.<\/p>\n\n\n\n<p>\u201cLa situaci\u00f3n cr\u00edtica ha requerido la activaci\u00f3n de 13 centros de evacuaci\u00f3n en dicha localidad. A estas cifras se suman numerosas familias que optaron por autoevacuarse en casas de allegados por no contar con condiciones m\u00ednimas de habitabilidad en sus hogares\u201d, agrega el diputado nacional correntino.<\/p>\n\n\n\n<p>El cuadro general conlleva, sostiene Gonz\u00e1lez, \u201cuna situaci\u00f3n de vulnerabilidad y riesgo sanitario, social y productivo\u201d, que se agrava con el avance continuo del agua en zonas que tradicionalmente no se inundaban y \u201cla imposibilidad de retornar a las viviendas ante la persistencia de las precipitaciones y la alerta meteorol\u00f3gica\u201d.<\/p>\n\n\n\n<p>El legislador destaca que \u201cel Gobierno de la Provincia de Corrientes, a trav\u00e9s de los organismos competentes, viene desplegando un esfuerzo sostenido para atender la emergencia, coordinando acciones de asistencia, evacuaci\u00f3n y contenci\u00f3n junto a los municipios y los equipos de Defensa Civil, con el objetivo de resguardar la integridad de las personas afectadas y mitigar los da\u00f1os ocasionados por el fen\u00f3meno clim\u00e1tico\u201d.<\/p>\n\n\n\n<p>Pero, \u201csin perjuicio de las acciones en curso\u201d, Gonz\u00e1lez explica que la magnitud del evento clim\u00e1tico y su impacto social, econ\u00f3mico y productivo \u201crequieren capacidades extraordinarias de respuesta, haciendo necesaria la articulaci\u00f3n de todos los niveles del Estado. En tal sentido, resulta imprescindible requerir la intervenci\u00f3n del Poder Ejecutivo Nacional a fin de que declare la emergencia correspondiente y disponga los medios necesarios para afrontar las consecuencias del desastre, incluyendo la asignaci\u00f3n de recursos econ\u00f3micos extraordinarios, el env\u00edo de asistencia material, y el refuerzo de personal y mano de obra para las tareas de asistencia, recuperaci\u00f3n y reconstrucci\u00f3n\u201d.<\/p>\n\n\n\n<p>Gonz\u00e1lez concluye la presentaci\u00f3n -como es de protocolo- instando a los dem\u00e1s integrantes de la C\u00e1mara de Diputados de la Naci\u00f3n a acompa\u00f1ar institucionalmente las acciones que viene llevando el Gobierno provincial con el pedido al Gobierno nacional que \u00e9l impulsa, para dar \u201duna respuesta solidaria y federal frente a la emergencia h\u00eddrica y social que atraviesa la Provincia de Corrientes\u201d.<\/p>\n","protected":false},"excerpt":{"rendered":"<p>Para paliar los efectos de las inundaciones, el flamante legislador nacional correntino present\u00f3 el Proyecto de Declaraci\u00f3n para que, a las acciones desplegadas por el gobierno provincial, se sumen recursos&hellip; <\/p>\n","protected":false},"author":11,"featured_media":241565,"comment_status":"closed","ping_status":"open","sticky":false,"template":"","format":"standard","meta":{"footnotes":""},"categories":[26],"tags":[3016,1667,3015,3013,3017,3014],"class_list":["post-241564","post","type-post","status-publish","format-standard","has-post-thumbnail","hentry","category-destacados","tag-asistencia","tag-congreso-nacional","tag-diogenes-gonzalez","tag-inundaciones","tag-inundados","tag-san-luis-del-palmar"],"_links":{"self":[{"href":"https:\/\/corrientesdetarde.com\/index.php\/wp-json\/wp\/v2\/posts\/241564","targetHints":{"allow":["GET"]}}],"collection":[{"href":"https:\/\/corrientesdetarde.com\/index.php\/wp-json\/wp\/v2\/posts"}],"about":[{"href":"https:\/\/corrientesdetarde.com\/index.php\/wp-json\/wp\/v2\/types\/post"}],"author":[{"embeddable":true,"href":"https:\/\/corrientesdetarde.com\/index.php\/wp-json\/wp\/v2\/users\/11"}],"replies":[{"embeddable":true,"href":"https:\/\/corrientesdetarde.com\/index.php\/wp-json\/wp\/v2\/comments?post=241564"}],"version-history":[{"count":1,"href":"https:\/\/corrientesdetarde.com\/index.php\/wp-json\/wp\/v2\/posts\/241564\/revisions"}],"predecessor-version":[{"id":241566,"href":"https:\/\/corrientesdetarde.com\/index.php\/wp-json\/wp\/v2\/posts\/241564\/revisions\/241566"}],"wp:featuredmedia":[{"embeddable":true,"href":"https:\/\/corrientesdetarde.com\/index.php\/wp-json\/wp\/v2\/media\/241565"}],"wp:attachment":[{"href":"https:\/\/corrientesdetarde.com\/index.php\/wp-json\/wp\/v2\/media?parent=241564"}],"wp:term":[{"taxonomy":"category","embeddable":true,"href":"https:\/\/corrientesdetarde.com\/index.php\/wp-json\/wp\/v2\/categories?post=241564"},{"taxonomy":"post_tag","embeddable":true,"href":"https:\/\/corrientesdetarde.com\/index.php\/wp-json\/wp\/v2\/tags?post=241564"}],"curies":[{"name":"wp","href":"https:\/\/api.w.org\/{rel}","templated":true}]}}