{"id":241569,"date":"2025-12-31T15:58:01","date_gmt":"2025-12-31T18:58:01","guid":{"rendered":"https:\/\/corrientesdetarde.com\/?p=241569"},"modified":"2025-12-31T15:58:14","modified_gmt":"2025-12-31T18:58:14","slug":"murio-un-motociclista-tras-un-choque-con-una-camioneta","status":"publish","type":"post","link":"https:\/\/corrientesdetarde.com\/index.php\/destacados\/murio-un-motociclista-tras-un-choque-con-una-camioneta\/","title":{"rendered":"Muri\u00f3 un motociclista tras un choque con una camioneta"},"content":{"rendered":"\n<p>Un siniestro vial con desenlace fatal se registr\u00f3 en la ciudad de Paso de los Libres, donde un joven motociclista de 22 a\u00f1os perdi\u00f3 la vida luego de protagonizar un choque con una camioneta en la avenida Amado Freiche, durante la madrugada de este martes.<\/p>\n\n\n\n<p>Seg\u00fan informaron fuentes policiales, el accidente ocurri\u00f3 alrededor de las 2:30, y tuvo como protagonistas a una camioneta Renault Duster, conducida por un hombre de 51 a\u00f1os, y una motocicleta Honda Titan 150 cc, guiada por el joven Giordano, quien viajaba acompa\u00f1ado por una menor de 17 a\u00f1os.<\/p>\n\n\n\n<p><strong>Tras el impacto, los ocupantes de la motocicleta fueron auxiliados y trasladados al Hospital local, donde se determin\u00f3 que ambos presentaban lesiones de car\u00e1cter grave.<\/strong><\/p>\n\n\n\n<p>Sin embargo, cerca de las 9 de la ma\u00f1ana, se confirm\u00f3 el lamentable fallecimiento del joven motociclista, a ra\u00edz de las heridas sufridas en el siniestro.<\/p>\n\n\n\n<p><strong>En el lugar del hecho trabajaron efectivos de la Comisar\u00eda Segunda de Paso de los Libres, y se realizaron las diligencias correspondientes con intervenci\u00f3n de la Unidad Fiscal en turno. La investigaci\u00f3n contin\u00faa para establecer las circunstancias del accidente.<\/strong><\/p>\n","protected":false},"excerpt":{"rendered":"<p>Un siniestro vial con desenlace fatal se registr\u00f3 en la ciudad de Paso de los Libres, donde un joven motociclista de 22 a\u00f1os perdi\u00f3 la vida luego de protagonizar un&hellip; <\/p>\n","protected":false},"author":1,"featured_media":241571,"comment_status":"closed","ping_status":"open","sticky":false,"template":"","format":"standard","meta":{"footnotes":""},"categories":[26],"tags":[],"class_list":["post-241569","post","type-post","status-publish","format-standard","has-post-thumbnail","hentry","category-destacados"],"_links":{"self":[{"href":"https:\/\/corrientesdetarde.com\/index.php\/wp-json\/wp\/v2\/posts\/241569","targetHints":{"allow":["GET"]}}],"collection":[{"href":"https:\/\/corrientesdetarde.com\/index.php\/wp-json\/wp\/v2\/posts"}],"about":[{"href":"https:\/\/corrientesdetarde.com\/index.php\/wp-json\/wp\/v2\/types\/post"}],"author":[{"embeddable":true,"href":"https:\/\/corrientesdetarde.com\/index.php\/wp-json\/wp\/v2\/users\/1"}],"replies":[{"embeddable":true,"href":"https:\/\/corrientesdetarde.com\/index.php\/wp-json\/wp\/v2\/comments?post=241569"}],"version-history":[{"count":2,"href":"https:\/\/corrientesdetarde.com\/index.php\/wp-json\/wp\/v2\/posts\/241569\/revisions"}],"predecessor-version":[{"id":241573,"href":"https:\/\/corrientesdetarde.com\/index.php\/wp-json\/wp\/v2\/posts\/241569\/revisions\/241573"}],"wp:featuredmedia":[{"embeddable":true,"href":"https:\/\/corrientesdetarde.com\/index.php\/wp-json\/wp\/v2\/media\/241571"}],"wp:attachment":[{"href":"https:\/\/corrientesdetarde.com\/index.php\/wp-json\/wp\/v2\/media?parent=241569"}],"wp:term":[{"taxonomy":"category","embeddable":true,"href":"https:\/\/corrientesdetarde.com\/index.php\/wp-json\/wp\/v2\/categories?post=241569"},{"taxonomy":"post_tag","embeddable":true,"href":"https:\/\/corrientesdetarde.com\/index.php\/wp-json\/wp\/v2\/tags?post=241569"}],"curies":[{"name":"wp","href":"https:\/\/api.w.org\/{rel}","templated":true}]}}