{"id":241696,"date":"2026-01-02T22:25:09","date_gmt":"2026-01-03T01:25:09","guid":{"rendered":"https:\/\/corrientesdetarde.com\/?p=241696"},"modified":"2026-01-02T22:25:10","modified_gmt":"2026-01-03T01:25:10","slug":"alerta-por-calor-extremo-en-ocho-provincias-cuales-son-y-hasta-cuanto-subira-la-temperatura","status":"publish","type":"post","link":"https:\/\/corrientesdetarde.com\/index.php\/destacados\/alerta-por-calor-extremo-en-ocho-provincias-cuales-son-y-hasta-cuanto-subira-la-temperatura\/","title":{"rendered":"Alerta por calor extremo en ocho provincias: cu\u00e1les son y hasta cu\u00e1nto subir\u00e1 la temperatura"},"content":{"rendered":"\n<p>El Servicio Meteorol\u00f3gico Nacional advirti\u00f3 por condiciones adversas en distintas regiones del pa\u00eds.<\/p>\n\n\n\n<p>Con la llegada del 2026 las temperaturas tuvieron una notable baja en el \u00c1rea Metropolitana de Buenos Aires (AMBA), despu\u00e9s de una serie de d\u00edas sofocantes. Sin embargo, hay algunas provincias que continuar\u00e1n con calor extremo en los pr\u00f3ximos d\u00edas.<\/p>\n\n\n\n<p><br>Los sectores m\u00e1s afectados por el calor extremo -donde regir\u00e1 el aviso naranja- ser\u00e1n Entre R\u00edos (en Diamante, La Paz, Nogoy\u00e1, Paran\u00e1 y Villaguay), donde la temperatura llegar\u00e1 a 33\u00b0C, y C\u00f3rdoba (San Justo, R\u00edo Primero, R\u00edo Segundo, Tercero Arriba, Ju\u00e1rez Celman y R\u00edo Cuarto), donde la m\u00e1xima ser\u00e1 de 35\u00b0C.<\/p>\n\n\n\n<p>Respecto a esta advertencia, el SMN inform\u00f3 que estos fen\u00f3menos pueden ser &#8220;muy peligrosos&#8221;, especialmente para los grupos de riesgo, y podr\u00edan generar un efecto moderado o alto en la salud.<br>&nbsp;<br>&nbsp;<br>A su vez, public\u00f3 una alerta amarilla por calor extremo, la cual regir\u00e1 en C\u00f3rdoba, Entre R\u00edos, Santa Fe, Santiago del Estero, Mendoza, R\u00edo Negro, Neuqu\u00e9n y Chubut. Estas temperaturas pueden ser &#8220;peligrosas&#8221;, sobre todo para los grupos de riesgo, como ni\u00f1os y ni\u00f1as, personas mayores de 65 a\u00f1os, con enfermedades cr\u00f3nicas&#8221; y podr\u00edan genera un efecto leve a moderado en la salud.<br>&nbsp;<br>&nbsp;<br>&nbsp;<br>&nbsp;<br><strong>Recomendaciones ante temperaturas extremas<\/strong><br>Las recomendaciones para este tipo de eventos son indicadas por el Ministerio de Salud.<\/p>\n\n\n\n<p>Aumentar el consumo de agua sin esperar a tener sed para mantener una hidrataci\u00f3n adecuada.<br>No exponerse al sol en exceso, ni en horas centrales del d\u00eda (entre las 10 y las 16 horas).<br>Prestar atenci\u00f3n a los beb\u00e9s, ni\u00f1os y ni\u00f1as y a las personas mayores.<br>Evitar las bebidas con cafe\u00edna, con alcohol o muy azucaradas.<\/p>\n\n\n\n<p><br>Evitar comidas muy abundantes.<br>Ingerir verduras y frutas.<br>Reducir la actividad f\u00edsica.<br>Usar ropa ligera, holgada y de colores claros; sombrero, anteojos oscuros.<br>Permanecer en espacios ventilados o acondicionados.<\/p>\n\n\n\n<p><br>Recordar que no existe un tratamiento farmacol\u00f3gico contra el golpe de calor y s\u00f3lo los m\u00e9todos cl\u00e1sicos, citados arriba, pueden prevenirlo y contrarrestarlo.<\/p>\n","protected":false},"excerpt":{"rendered":"<p>El Servicio Meteorol\u00f3gico Nacional advirti\u00f3 por condiciones adversas en distintas regiones del pa\u00eds. Con la llegada del 2026 las temperaturas tuvieron una notable baja en el \u00c1rea Metropolitana de Buenos&hellip; <\/p>\n","protected":false},"author":4,"featured_media":241697,"comment_status":"closed","ping_status":"open","sticky":false,"template":"","format":"standard","meta":{"footnotes":""},"categories":[26],"tags":[],"class_list":["post-241696","post","type-post","status-publish","format-standard","has-post-thumbnail","hentry","category-destacados"],"_links":{"self":[{"href":"https:\/\/corrientesdetarde.com\/index.php\/wp-json\/wp\/v2\/posts\/241696","targetHints":{"allow":["GET"]}}],"collection":[{"href":"https:\/\/corrientesdetarde.com\/index.php\/wp-json\/wp\/v2\/posts"}],"about":[{"href":"https:\/\/corrientesdetarde.com\/index.php\/wp-json\/wp\/v2\/types\/post"}],"author":[{"embeddable":true,"href":"https:\/\/corrientesdetarde.com\/index.php\/wp-json\/wp\/v2\/users\/4"}],"replies":[{"embeddable":true,"href":"https:\/\/corrientesdetarde.com\/index.php\/wp-json\/wp\/v2\/comments?post=241696"}],"version-history":[{"count":1,"href":"https:\/\/corrientesdetarde.com\/index.php\/wp-json\/wp\/v2\/posts\/241696\/revisions"}],"predecessor-version":[{"id":241698,"href":"https:\/\/corrientesdetarde.com\/index.php\/wp-json\/wp\/v2\/posts\/241696\/revisions\/241698"}],"wp:featuredmedia":[{"embeddable":true,"href":"https:\/\/corrientesdetarde.com\/index.php\/wp-json\/wp\/v2\/media\/241697"}],"wp:attachment":[{"href":"https:\/\/corrientesdetarde.com\/index.php\/wp-json\/wp\/v2\/media?parent=241696"}],"wp:term":[{"taxonomy":"category","embeddable":true,"href":"https:\/\/corrientesdetarde.com\/index.php\/wp-json\/wp\/v2\/categories?post=241696"},{"taxonomy":"post_tag","embeddable":true,"href":"https:\/\/corrientesdetarde.com\/index.php\/wp-json\/wp\/v2\/tags?post=241696"}],"curies":[{"name":"wp","href":"https:\/\/api.w.org\/{rel}","templated":true}]}}