{"id":241843,"date":"2026-01-04T13:56:57","date_gmt":"2026-01-04T16:56:57","guid":{"rendered":"https:\/\/corrientesdetarde.com\/?p=241843"},"modified":"2026-01-04T13:57:09","modified_gmt":"2026-01-04T16:57:09","slug":"agua-en-la-piedra-un-libro-de-poemas-cotidianos-escrito-por-mariano-osuna","status":"publish","type":"post","link":"https:\/\/corrientesdetarde.com\/index.php\/cultura\/agua-en-la-piedra-un-libro-de-poemas-cotidianos-escrito-por-mariano-osuna\/","title":{"rendered":"AGUA EN LA PIEDRA: UN LIBRO DE POEMAS COTIDIANOS ESCRITO POR MARIANO OSUNA"},"content":{"rendered":"\n<p>La primera producci\u00f3n del escritor oriundo de Basavilbaso se public\u00f3 por Ana Editorial. Son 50 poemas y relatos, con fotograf\u00edas de Juan Vidal y pr\u00f3logo de Ra\u00fal Churruarin.<\/p>\n\n\n\n<p>\u201cAgua en la piedra es una invitaci\u00f3n a paisajes, colores, comidas y situaciones que atraviesan nuestra vida cotidiana\u201d, expres\u00f3 Osuna, que reside hace 17 a\u00f1os en Paran\u00e1. \u201cM\u00e1s all\u00e1 de la dureza de la piedra, el agua erosiona, trasciende y sigue su camino. Como ocurre tambi\u00e9n con los sue\u00f1os, la vida y los proyectos. Es un llamado a persistir m\u00e1s all\u00e1 de los obst\u00e1culos, los miedos y las frustraciones\u2019, detall\u00f3 sobre su primer libro.<\/p>\n\n\n\n<p>El ejemplar tiene poemas dedicados a Bajada Grande, el guiso, el mate, el ferrocarril, el amor, el trueque, el f\u00fatbol en los barrios, el r\u00edo y el parque Urquiza. \u201cEl objetivo es que quien lea alguno de los escritos, pueda sentirse identificado y cercano a una etapa de su vida, a un recuerdo o a un anhelo\u201d, destac\u00f3.<\/p>\n\n\n\n<p>La preventa sali\u00f3 hace dos d\u00edas y ya se reservaron m\u00e1s del 50% de los ejemplares. \u201cEl costo de esta etapa es de doce mil pesos, porque buscamos un valor popular, para compartir el libro, m\u00e1s en un contexto dif\u00edcil, donde publicar es esfuerzo personal y colectivo. Es una apuesta a nuestra fuerza, nuestra identidad y nuestra cultura \u201c, precis\u00f3.<\/p>\n\n\n\n<p>El precio original, luego de la preventa ser\u00e1 de quince mil. Puede adquirirse a marianoosuna8@gmail.com, en Ana Editorial o la librer\u00eda del Ateneo.<\/p>\n","protected":false},"excerpt":{"rendered":"<p>La primera producci\u00f3n del escritor oriundo de Basavilbaso se public\u00f3 por Ana Editorial. Son 50 poemas y relatos, con fotograf\u00edas de Juan Vidal y pr\u00f3logo de Ra\u00fal Churruarin. \u201cAgua en&hellip; <\/p>\n","protected":false},"author":11,"featured_media":241844,"comment_status":"closed","ping_status":"open","sticky":false,"template":"","format":"standard","meta":{"footnotes":""},"categories":[15],"tags":[],"class_list":["post-241843","post","type-post","status-publish","format-standard","has-post-thumbnail","hentry","category-cultura"],"_links":{"self":[{"href":"https:\/\/corrientesdetarde.com\/index.php\/wp-json\/wp\/v2\/posts\/241843","targetHints":{"allow":["GET"]}}],"collection":[{"href":"https:\/\/corrientesdetarde.com\/index.php\/wp-json\/wp\/v2\/posts"}],"about":[{"href":"https:\/\/corrientesdetarde.com\/index.php\/wp-json\/wp\/v2\/types\/post"}],"author":[{"embeddable":true,"href":"https:\/\/corrientesdetarde.com\/index.php\/wp-json\/wp\/v2\/users\/11"}],"replies":[{"embeddable":true,"href":"https:\/\/corrientesdetarde.com\/index.php\/wp-json\/wp\/v2\/comments?post=241843"}],"version-history":[{"count":1,"href":"https:\/\/corrientesdetarde.com\/index.php\/wp-json\/wp\/v2\/posts\/241843\/revisions"}],"predecessor-version":[{"id":241845,"href":"https:\/\/corrientesdetarde.com\/index.php\/wp-json\/wp\/v2\/posts\/241843\/revisions\/241845"}],"wp:featuredmedia":[{"embeddable":true,"href":"https:\/\/corrientesdetarde.com\/index.php\/wp-json\/wp\/v2\/media\/241844"}],"wp:attachment":[{"href":"https:\/\/corrientesdetarde.com\/index.php\/wp-json\/wp\/v2\/media?parent=241843"}],"wp:term":[{"taxonomy":"category","embeddable":true,"href":"https:\/\/corrientesdetarde.com\/index.php\/wp-json\/wp\/v2\/categories?post=241843"},{"taxonomy":"post_tag","embeddable":true,"href":"https:\/\/corrientesdetarde.com\/index.php\/wp-json\/wp\/v2\/tags?post=241843"}],"curies":[{"name":"wp","href":"https:\/\/api.w.org\/{rel}","templated":true}]}}