{"id":241846,"date":"2026-01-04T16:00:00","date_gmt":"2026-01-04T19:00:00","guid":{"rendered":"https:\/\/corrientesdetarde.com\/?p=241846"},"modified":"2026-01-04T16:12:38","modified_gmt":"2026-01-04T19:12:38","slug":"asaltaron-a-una-familia-en-mocoreta-y-se-llevaron-un-auto","status":"publish","type":"post","link":"https:\/\/corrientesdetarde.com\/index.php\/policiales\/asaltaron-a-una-familia-en-mocoreta-y-se-llevaron-un-auto\/","title":{"rendered":"Asaltaron a una familia en Mocoret\u00e1 y se llevaron un auto."},"content":{"rendered":"\n<h2 class=\"wp-block-heading\">Delincuentes ingresaron a una propiedad en Colonia Las Flores, jurisdicci\u00f3n de la localidad de Mocoret\u00e1. Fue en la ma\u00f1ana de este domingo, cuando al menos tres delincuentes ingresaron a una vivienda y escaparon llev\u00e1ndose un autom\u00f3vil.<\/h2>\n\n\n\n<p>Seg\u00fan las primeras informaciones, los sujetos exigieron dinero y, tras un violento episodio, golpearon a la due\u00f1a de casa. Luego del ataque, los delincuentes se dieron a la fuga en un veh\u00edculo que se encontraba en el lugar. Como consecuencia de las agresiones, la mujer debi\u00f3 ser trasladada a un centro de salud para recibir atenci\u00f3n m\u00e9dica.<\/p>\n\n\n\n<p>M\u00e1s tarde, se supo que el Chevrolet Agile, color gris, dominio IQJ 934, en el que los delincuentes hab\u00edan escapado fue encontrado. Estaba en una zona lindante al Arroyo Tunas, cerca del l\u00edmite con la Provincia de Entre R\u00edos. &nbsp;&nbsp;<\/p>\n\n\n\n<p>Fuente: Radio Sudamericana. Datos: Eduardo Soler (Radio Mega 95.3Mhz-Monte Caseros).<\/p>\n","protected":false},"excerpt":{"rendered":"<p>Delincuentes ingresaron a una propiedad en Colonia Las Flores, jurisdicci\u00f3n de la localidad de Mocoret\u00e1. Fue en la ma\u00f1ana de este domingo, cuando al menos tres delincuentes ingresaron a una&hellip; <\/p>\n","protected":false},"author":6,"featured_media":241847,"comment_status":"closed","ping_status":"open","sticky":false,"template":"","format":"standard","meta":{"footnotes":""},"categories":[33],"tags":[],"class_list":["post-241846","post","type-post","status-publish","format-standard","has-post-thumbnail","hentry","category-policiales"],"_links":{"self":[{"href":"https:\/\/corrientesdetarde.com\/index.php\/wp-json\/wp\/v2\/posts\/241846","targetHints":{"allow":["GET"]}}],"collection":[{"href":"https:\/\/corrientesdetarde.com\/index.php\/wp-json\/wp\/v2\/posts"}],"about":[{"href":"https:\/\/corrientesdetarde.com\/index.php\/wp-json\/wp\/v2\/types\/post"}],"author":[{"embeddable":true,"href":"https:\/\/corrientesdetarde.com\/index.php\/wp-json\/wp\/v2\/users\/6"}],"replies":[{"embeddable":true,"href":"https:\/\/corrientesdetarde.com\/index.php\/wp-json\/wp\/v2\/comments?post=241846"}],"version-history":[{"count":1,"href":"https:\/\/corrientesdetarde.com\/index.php\/wp-json\/wp\/v2\/posts\/241846\/revisions"}],"predecessor-version":[{"id":241848,"href":"https:\/\/corrientesdetarde.com\/index.php\/wp-json\/wp\/v2\/posts\/241846\/revisions\/241848"}],"wp:featuredmedia":[{"embeddable":true,"href":"https:\/\/corrientesdetarde.com\/index.php\/wp-json\/wp\/v2\/media\/241847"}],"wp:attachment":[{"href":"https:\/\/corrientesdetarde.com\/index.php\/wp-json\/wp\/v2\/media?parent=241846"}],"wp:term":[{"taxonomy":"category","embeddable":true,"href":"https:\/\/corrientesdetarde.com\/index.php\/wp-json\/wp\/v2\/categories?post=241846"},{"taxonomy":"post_tag","embeddable":true,"href":"https:\/\/corrientesdetarde.com\/index.php\/wp-json\/wp\/v2\/tags?post=241846"}],"curies":[{"name":"wp","href":"https:\/\/api.w.org\/{rel}","templated":true}]}}