{"id":241923,"date":"2026-01-05T17:10:00","date_gmt":"2026-01-05T20:10:00","guid":{"rendered":"https:\/\/corrientesdetarde.com\/?p=241923"},"modified":"2026-01-05T17:25:53","modified_gmt":"2026-01-05T20:25:53","slug":"violenta-pelea-en-un-inquilinato","status":"publish","type":"post","link":"https:\/\/corrientesdetarde.com\/index.php\/policiales\/violenta-pelea-en-un-inquilinato\/","title":{"rendered":"Violenta pelea en un inquilinato."},"content":{"rendered":"\n<h2 class=\"wp-block-heading\">Un propietario y su inquilino se trenzaron en una pelea a hierrazos y machetazos.<\/h2>\n\n\n\n<p>Un hecho de extrema violencia que se vivi\u00f3 esta ma\u00f1ana en el barrio Jard\u00edn de la ciudad Corrientes termin\u00f3 con dos heridos de arma blanca y la intervenci\u00f3n de la Polic\u00eda. Todo ocurri\u00f3 en un inquilinato ubicado sobre Las Orqu\u00eddeas al 1042.<\/p>\n\n\n\n<p>La reyerta tuvo lugar entre el due\u00f1o del inquilinato, de unos 70 a\u00f1os, y uno de sus inquilinos, quien seg\u00fan acusa el due\u00f1o, no paga su alquiler hace unos tres meses. En un intento de obligar al pago, el casero intent\u00f3 cortar el suministro de energ\u00eda el\u00e9ctrica del departamento del deudor. Ante esta acci\u00f3n, el inquilino respondi\u00f3 violentamente asest\u00e1ndole un fuerte golpe al propietario con un hierro. El due\u00f1o respondi\u00f3 esta acci\u00f3n a su vez atac\u00e1ndolo con un machete.<\/p>\n\n\n\n<p>Ambos fueron atendidos en principio en el Caps VI Tiburcio Fonseca del barrio Industrial, pero por la gravedad de las heridas que presentaban fueron luego trasladados a hospitales de complejidad: el due\u00f1o al hospital Escuela y el inquilino al Llano.<\/p>\n","protected":false},"excerpt":{"rendered":"<p>Un propietario y su inquilino se trenzaron en una pelea a hierrazos y machetazos. Un hecho de extrema violencia que se vivi\u00f3 esta ma\u00f1ana en el barrio Jard\u00edn de la&hellip; <\/p>\n","protected":false},"author":6,"featured_media":241927,"comment_status":"closed","ping_status":"open","sticky":false,"template":"","format":"standard","meta":{"footnotes":""},"categories":[33],"tags":[],"class_list":["post-241923","post","type-post","status-publish","format-standard","has-post-thumbnail","hentry","category-policiales"],"_links":{"self":[{"href":"https:\/\/corrientesdetarde.com\/index.php\/wp-json\/wp\/v2\/posts\/241923","targetHints":{"allow":["GET"]}}],"collection":[{"href":"https:\/\/corrientesdetarde.com\/index.php\/wp-json\/wp\/v2\/posts"}],"about":[{"href":"https:\/\/corrientesdetarde.com\/index.php\/wp-json\/wp\/v2\/types\/post"}],"author":[{"embeddable":true,"href":"https:\/\/corrientesdetarde.com\/index.php\/wp-json\/wp\/v2\/users\/6"}],"replies":[{"embeddable":true,"href":"https:\/\/corrientesdetarde.com\/index.php\/wp-json\/wp\/v2\/comments?post=241923"}],"version-history":[{"count":1,"href":"https:\/\/corrientesdetarde.com\/index.php\/wp-json\/wp\/v2\/posts\/241923\/revisions"}],"predecessor-version":[{"id":241928,"href":"https:\/\/corrientesdetarde.com\/index.php\/wp-json\/wp\/v2\/posts\/241923\/revisions\/241928"}],"wp:featuredmedia":[{"embeddable":true,"href":"https:\/\/corrientesdetarde.com\/index.php\/wp-json\/wp\/v2\/media\/241927"}],"wp:attachment":[{"href":"https:\/\/corrientesdetarde.com\/index.php\/wp-json\/wp\/v2\/media?parent=241923"}],"wp:term":[{"taxonomy":"category","embeddable":true,"href":"https:\/\/corrientesdetarde.com\/index.php\/wp-json\/wp\/v2\/categories?post=241923"},{"taxonomy":"post_tag","embeddable":true,"href":"https:\/\/corrientesdetarde.com\/index.php\/wp-json\/wp\/v2\/tags?post=241923"}],"curies":[{"name":"wp","href":"https:\/\/api.w.org\/{rel}","templated":true}]}}