{"id":241931,"date":"2026-01-05T17:40:00","date_gmt":"2026-01-05T20:40:00","guid":{"rendered":"https:\/\/corrientesdetarde.com\/?p=241931"},"modified":"2026-01-05T17:34:31","modified_gmt":"2026-01-05T20:34:31","slug":"iniciaron-las-celebraciones-por-san-baltasar","status":"publish","type":"post","link":"https:\/\/corrientesdetarde.com\/index.php\/eventossociedad\/iniciaron-las-celebraciones-por-san-baltasar\/","title":{"rendered":"Iniciaron las celebraciones por San Baltasar."},"content":{"rendered":"\n<h2 class=\"wp-block-heading\">Las actividades se extender\u00e1n hasta este martes 6 de enero. Se trata de una celebraci\u00f3n que crece a\u00f1o a a\u00f1o en la ciudad.<\/h2>\n\n\n\n<p>Este domingo por la noche comenzaron las actividades en torno a la celebraci\u00f3n de San Baltasar en la ciudad de Corrientes. Las mismas se extender\u00e1n hasta el martes 6 de enero con una variada grilla de n\u00fameros art\u00edsticos e iniciativas en distintos puntos de la ciudad. El intendente Claudio Polich estuvo presente en el barrio Camba Cu\u00e1, donde destac\u00f3 el valor cultural de esta festividad, que adem\u00e1s fomenta la econom\u00eda local y el turismo.<\/p>\n\n\n\n<p>&#8220;Es una satisfacci\u00f3n poder acompa\u00f1ar un evento cultural de esta naturaleza que tiene que ver con la identidad de un barrio de la ciudad, el Camba Cu\u00e1, este lugar donde se venera la imagen de San Baltasar&#8221;, dijo el jefe comunal en la oportunidad.<\/p>\n\n\n\n<p>A su vez, ratific\u00f3 que uno de los ejes de la gesti\u00f3n es &#8220;tratar de recuperar la identidad de cada uno de los barrios y lugares de la ciudad de Corrientes que tiene mucho que aportar y mostrar desde la cultura, arquitectura, gastronom\u00eda, desde la m\u00fasica y sus im\u00e1genes religiosas&#8221;.<ins><\/ins><\/p>\n\n\n\n<p>En este punto, remarc\u00f3 que este tipo de celebraciones fomentan la actividad local y enriquecen la propuesta tur\u00edstica de la ciudad. &#8220;Pretendemos que sea una fiesta t\u00edpica de la ciudad de Corrientes&#8221;, anticip\u00f3.<\/p>\n\n\n\n<p>Por su parte, Karen Anderson, secretaria de Cultura y Educaci\u00f3n municipal, detall\u00f3 el aporte realizado desde la gesti\u00f3n para llevar adelante los festejos. &#8220;Este a\u00f1o decidimos apostar m\u00e1s fuerte a los trabajadores de la cultura local y a nuestros m\u00fasicos locales. Tenemos una grilla que contempla por sobre todo eso y tambi\u00e9n la participaci\u00f3n de artistas emergentes y n\u00fameros fuertes de artistas destacados&#8221;, coment\u00f3.<\/p>\n\n\n\n<p>De la misma forma, la funcionaria agreg\u00f3: &#8220;Corrientes se ha posicionado como una ciudad tur\u00edstica y de eventos y San Baltasar es uno de los hitos culturales principales&#8221;. Por \u00faltimo, invit\u00f3 a la comunidad a sumarse y participar: &#8220;Tenemos una agenda de actividades riqu\u00edsimas, gratuitas y abiertas a todo p\u00fablico&#8221;.<\/p>\n\n\n\n<figure class=\"wp-block-image\"><img decoding=\"async\" src=\"https:\/\/www.lt7noticias.com\/content\/bucket\/1\/81761w790h527c.jpg.webp\" alt=\"\"\/><\/figure>\n\n\n\n<h2 class=\"wp-block-heading\">CELEBRACI\u00d3N QUE CRECE A\u00d1O A A\u00d1O<\/h2>\n\n\n\n<p>Gabriela Caballero, de la Cofrad\u00eda de San Baltasar, coment\u00f3 en la oportunidad los or\u00edgenes de esta celebraci\u00f3n en el barrio Camba Cu\u00e1 hace 32 a\u00f1os. &#8220;Es una fiesta muy arraigada en este barrio de Corrientes y que tiene como eje principal al Santo Rey Baltasar&#8221;, expres\u00f3.<\/p>\n\n\n\n<p>Tambi\u00e9n destac\u00f3 que la convocatoria crece a\u00f1o a a\u00f1o, sumando cada vez m\u00e1s ciudadanos que se acercan a celebrar a este santo. De la misma forma, agradeci\u00f3 el acompa\u00f1amiento de la Municipalidad de Corrientes en este camino: &#8220;El municipio desde el a\u00f1o 2012 nos fue acompa\u00f1ando hasta hoy y siempre a la par, viendo lo que necesit\u00e1bamos y poniendo la parte log\u00edstica; las familias estamos sumamente agradecidas&#8221;.<\/p>\n\n\n\n<p>Las actividades continuar\u00e1n este lunes 5 de enero con el Temple de parches y la marcha de la Cofrad\u00eda de San Baltasar, que se extender\u00e1 desde Edison y Costanera hasta el Parque Camba Cu\u00e1.<\/p>\n\n\n\n<p>Asimismo, el 6 de enero ser\u00e1 la celebraci\u00f3n central con la tradicional misa y procesi\u00f3n, acompa\u00f1ada por el sonido de los tambores, comparsas y un festival abierto al p\u00fablico en el Parque Camb\u00e1 Cu\u00e1.<\/p>\n","protected":false},"excerpt":{"rendered":"<p>Las actividades se extender\u00e1n hasta este martes 6 de enero. Se trata de una celebraci\u00f3n que crece a\u00f1o a a\u00f1o en la ciudad. Este domingo por la noche comenzaron las&hellip; <\/p>\n","protected":false},"author":6,"featured_media":241935,"comment_status":"closed","ping_status":"open","sticky":false,"template":"","format":"standard","meta":{"footnotes":""},"categories":[1208],"tags":[],"class_list":["post-241931","post","type-post","status-publish","format-standard","has-post-thumbnail","hentry","category-eventossociedad"],"_links":{"self":[{"href":"https:\/\/corrientesdetarde.com\/index.php\/wp-json\/wp\/v2\/posts\/241931","targetHints":{"allow":["GET"]}}],"collection":[{"href":"https:\/\/corrientesdetarde.com\/index.php\/wp-json\/wp\/v2\/posts"}],"about":[{"href":"https:\/\/corrientesdetarde.com\/index.php\/wp-json\/wp\/v2\/types\/post"}],"author":[{"embeddable":true,"href":"https:\/\/corrientesdetarde.com\/index.php\/wp-json\/wp\/v2\/users\/6"}],"replies":[{"embeddable":true,"href":"https:\/\/corrientesdetarde.com\/index.php\/wp-json\/wp\/v2\/comments?post=241931"}],"version-history":[{"count":1,"href":"https:\/\/corrientesdetarde.com\/index.php\/wp-json\/wp\/v2\/posts\/241931\/revisions"}],"predecessor-version":[{"id":241936,"href":"https:\/\/corrientesdetarde.com\/index.php\/wp-json\/wp\/v2\/posts\/241931\/revisions\/241936"}],"wp:featuredmedia":[{"embeddable":true,"href":"https:\/\/corrientesdetarde.com\/index.php\/wp-json\/wp\/v2\/media\/241935"}],"wp:attachment":[{"href":"https:\/\/corrientesdetarde.com\/index.php\/wp-json\/wp\/v2\/media?parent=241931"}],"wp:term":[{"taxonomy":"category","embeddable":true,"href":"https:\/\/corrientesdetarde.com\/index.php\/wp-json\/wp\/v2\/categories?post=241931"},{"taxonomy":"post_tag","embeddable":true,"href":"https:\/\/corrientesdetarde.com\/index.php\/wp-json\/wp\/v2\/tags?post=241931"}],"curies":[{"name":"wp","href":"https:\/\/api.w.org\/{rel}","templated":true}]}}