{"id":242009,"date":"2026-01-06T10:01:05","date_gmt":"2026-01-06T13:01:05","guid":{"rendered":"https:\/\/corrientesdetarde.com\/?p=242009"},"modified":"2026-01-06T10:01:18","modified_gmt":"2026-01-06T13:01:18","slug":"litoral-ballet-representara-con-su-danza-a-corrientes-en-cosquin","status":"publish","type":"post","link":"https:\/\/corrientesdetarde.com\/index.php\/cultura\/litoral-ballet-representara-con-su-danza-a-corrientes-en-cosquin\/","title":{"rendered":"Litoral Ballet representar\u00e1 con su danza a Corrientes en Cosqu\u00edn"},"content":{"rendered":"\n<p>Tras lograr el podio en la presede de Resistencia, la instituci\u00f3n competir\u00e1 los d\u00edas 13 y 14 de enero en C\u00f3rdoba como conjunto de baile folcl\u00f3rico. As\u00ed marca su segunda participaci\u00f3n en esta disciplina grupal. &#8220;Es fruto del gran esfuerzo que realizamos todo el a\u00f1o&#8221;, expresaron.<\/p>\n\n\n\n<p>Litoral Ballet de Corrientes vivir\u00e1 un hito en su trayectoria al representar a la provincia de Corrientes en el Festival Nacional de Folclore de Cosqu\u00edn, compitiendo los d\u00edas 13 y 14 de enero en la disciplina de conjunto de baile folcl\u00f3rico. El logro llega tras conquistar el podio en la presede de Resistencia en octubre pasado, consolidando su ascenso en el circuito competitivo del folclore nacional.<\/p>\n\n\n\n<p>La instituci\u00f3n correntina acumula una amplia historia de participaciones y galardones en distintas categor\u00edas de Cosqu\u00edn, pero esta ser\u00e1 apenas su segunda competencia como conjunto grupal en baile folcl\u00f3rico. Su director, Carlos Centuri\u00f3n, figura emblem\u00e1tica del chamam\u00e9 esc\u00e9nico, expres\u00f3 su entusiasmo por la oportunidad: &#8220;Es una alegr\u00eda inmensa volver a Cosqu\u00edn con el ballet completo; ya conoc\u00edamos el escenario y ahora repetimos como equipo&#8221;.<\/p>\n\n\n\n<p>Centuri\u00f3n, con experiencia directa en el prestigioso certamen chaque\u00f1o, lidera un cuerpo de bailarines que fusiona la tradici\u00f3n chamamecera con la exigencia competitiva del festival cordob\u00e9s, conocido como la cuna del folclore argentino. La delegaci\u00f3n correntina llega con la vara alta tras su desempe\u00f1o en Resistencia, Chaco, prometiendo zambas, galopas y sapuk\u00e1is que defiendan la identidad litorale\u00f1a ante jurados y p\u00fablico nacional.<\/p>\n\n\n\n<p>Esta participaci\u00f3n refuerza el mapa de proyecci\u00f3n cultural de Corrientes, en v\u00edsperas de la propia Fiesta Nacional del Chamam\u00e9, y posiciona a Litoral Ballet como referente del baile guaran\u00ed en el escenario mayor de Cosqu\u00edn. La expectativa crece entre los aficionados locales, que seguir\u00e1n de cerca cada giro y zapateo de sus representantes provinciales.<\/p>\n\n\n\n<figure class=\"wp-block-image\"><img decoding=\"async\" src=\"https:\/\/www.diarioepoca.com\/content\/bucket\/5\/1469615w380h283c.jpg.webp\" alt=\"\"\/><figcaption class=\"wp-element-caption\">LA ACADEMIA COMPETIR\u00c1 COMO GRUPO FOLCL\u00d3RICO EN COSQU\u00cdN.<\/figcaption><\/figure>\n\n\n\n<h2 class=\"wp-block-heading\">Zamba chaque\u00f1a y chamam\u00e9<\/h2>\n\n\n\n<p>El director y profesor del ballet anticip\u00f3 los detalles del cuadro que presentar\u00e1n en Cosqu\u00edn: &#8220;Vamos a desplegar un espect\u00e1culo titulado \u0091Chaque\u00f1adas\u0092, que captura la esencia del alma chaque\u00f1a en su m\u00e1xima expresi\u00f3n. Abrimos con ritmos que evocan a Cristian Herrera y L\u00e1zaro Caballero \u0097figuras en auge del folclore actual\u0097, seguiremos con una chacarera del monte que representa la fuerza y la identidad de Chaco, y cerramos con una zamba cargada de sentimiento&#8221;.<\/p>\n\n\n\n<p>El core\u00f3grafo destac\u00f3 la elecci\u00f3n estrat\u00e9gica: &#8220;Al venir de la sede de Resistencia, interpret\u00e9 que esta m\u00fasica nos dar\u00eda un respaldo importante. Es una danza poderosa que gusta mucho a los correntinos \u0097se baila ampliamente aqu\u00ed\u0097, pero culturalmente pone a Chaco en valor. El cierre llega con un chamam\u00e9 en el estilo que se impone en Chaco, Formosa y Corrientes: no es chamam\u00e9 cumbia, sino una versi\u00f3n aut\u00e9ntica interpretada por m\u00fasicos del Chaco salte\u00f1o y formose\u00f1o&#8221;.<\/p>\n\n\n\n<p>Centuri\u00f3n valor\u00f3 el momento: &#8220;Si logramos pasar la primera ronda a la final ser\u00e1 un orgullo defender estos ritmos que nos unen a los litorale\u00f1os. La m\u00fasica tiene mucha fuerza, es linda y representar\u00e1 nuestra regi\u00f3n en el escenario mayor de Cosqu\u00edn&#8221;.<\/p>\n","protected":false},"excerpt":{"rendered":"<p>Tras lograr el podio en la presede de Resistencia, la instituci\u00f3n competir\u00e1 los d\u00edas 13 y 14 de enero en C\u00f3rdoba como conjunto de baile folcl\u00f3rico. As\u00ed marca su segunda&hellip; <\/p>\n","protected":false},"author":3,"featured_media":242014,"comment_status":"closed","ping_status":"open","sticky":false,"template":"","format":"standard","meta":{"footnotes":""},"categories":[15],"tags":[],"class_list":["post-242009","post","type-post","status-publish","format-standard","has-post-thumbnail","hentry","category-cultura"],"_links":{"self":[{"href":"https:\/\/corrientesdetarde.com\/index.php\/wp-json\/wp\/v2\/posts\/242009","targetHints":{"allow":["GET"]}}],"collection":[{"href":"https:\/\/corrientesdetarde.com\/index.php\/wp-json\/wp\/v2\/posts"}],"about":[{"href":"https:\/\/corrientesdetarde.com\/index.php\/wp-json\/wp\/v2\/types\/post"}],"author":[{"embeddable":true,"href":"https:\/\/corrientesdetarde.com\/index.php\/wp-json\/wp\/v2\/users\/3"}],"replies":[{"embeddable":true,"href":"https:\/\/corrientesdetarde.com\/index.php\/wp-json\/wp\/v2\/comments?post=242009"}],"version-history":[{"count":1,"href":"https:\/\/corrientesdetarde.com\/index.php\/wp-json\/wp\/v2\/posts\/242009\/revisions"}],"predecessor-version":[{"id":242027,"href":"https:\/\/corrientesdetarde.com\/index.php\/wp-json\/wp\/v2\/posts\/242009\/revisions\/242027"}],"wp:featuredmedia":[{"embeddable":true,"href":"https:\/\/corrientesdetarde.com\/index.php\/wp-json\/wp\/v2\/media\/242014"}],"wp:attachment":[{"href":"https:\/\/corrientesdetarde.com\/index.php\/wp-json\/wp\/v2\/media?parent=242009"}],"wp:term":[{"taxonomy":"category","embeddable":true,"href":"https:\/\/corrientesdetarde.com\/index.php\/wp-json\/wp\/v2\/categories?post=242009"},{"taxonomy":"post_tag","embeddable":true,"href":"https:\/\/corrientesdetarde.com\/index.php\/wp-json\/wp\/v2\/tags?post=242009"}],"curies":[{"name":"wp","href":"https:\/\/api.w.org\/{rel}","templated":true}]}}