{"id":242011,"date":"2026-01-06T10:01:14","date_gmt":"2026-01-06T13:01:14","guid":{"rendered":"https:\/\/corrientesdetarde.com\/?p=242011"},"modified":"2026-01-06T10:01:16","modified_gmt":"2026-01-06T13:01:16","slug":"ramiro-ojeda-encara-la-previa-de-la-fiesta-del-chamame-con-acustico-intimo-en-mil588","status":"publish","type":"post","link":"https:\/\/corrientesdetarde.com\/index.php\/cultura\/ramiro-ojeda-encara-la-previa-de-la-fiesta-del-chamame-con-acustico-intimo-en-mil588\/","title":{"rendered":"Ramiro Ojeda encara la previa de la Fiesta del Chamam\u00e9 con ac\u00fastico \u00edntimo en Mil588"},"content":{"rendered":"\n<p>Un espect\u00e1culo ac\u00fastico del destacado cantante Ramiro Ojeda, una de las voces m\u00e1s asombrosas del chamam\u00e9, se presentar\u00e1 este jueves 8 de enero desde las 22 en el escenario de Mil588 La Fundaci\u00f3n (Jun\u00edn y Espa\u00f1a). Esta propuesta pe\u00f1era gratuita \u0097sin derecho a espect\u00e1culo\u0097 invita a vivir la previa de la Fiesta Nacional del Chamam\u00e9 con lo mejor del cancionero correntino, en un ambiente caracter\u00edstico de Capital<\/p>\n\n\n\n<p>Ojeda estar\u00e1 acompa\u00f1ado por Walter Fern\u00e1ndez en guitarra, con m\u00fasicos invitados que potenciar\u00e1n una noche extensa dedicada a cl\u00e1sicos chamameceros, boleros, zambas y melod\u00edas que emocionan el alma litorale\u00f1a. &#8220;Es un show ac\u00fastico pensado para compartir, emocionarnos y sentirnos vivos&#8221;, expres\u00f3 el cantante en di\u00e1logo con este diario, subrayando su intenci\u00f3n de celebrar el inicio de la fiesta mayor: &#8220;Este espacio es una de las propuestas pe\u00f1eras de esta gran celebraci\u00f3n de nuestra cultura&#8221;.<\/p>\n\n\n\n<p>La velada promete recorridos por el repertorio tradicional con toques personales, en la intimidad de la pe\u00f1a que ya se perfila como basti\u00f3n alternativo del chamam\u00e9. Ojeda extendi\u00f3 su invitaci\u00f3n final: &#8220;Convoco a la comunidad y turistas a compartir la amistad con la m\u00fasica, que es lo principal en este encuentro con las canciones&#8221;. Una oportunidad imperdible para calentar motores rumbo al 16 de enero en el Cocomarola.<\/p>\n","protected":false},"excerpt":{"rendered":"<p>Un espect\u00e1culo ac\u00fastico del destacado cantante Ramiro Ojeda, una de las voces m\u00e1s asombrosas del chamam\u00e9, se presentar\u00e1 este jueves 8 de enero desde las 22 en el escenario de&hellip; <\/p>\n","protected":false},"author":3,"featured_media":242017,"comment_status":"closed","ping_status":"open","sticky":false,"template":"","format":"standard","meta":{"footnotes":""},"categories":[15],"tags":[],"class_list":["post-242011","post","type-post","status-publish","format-standard","has-post-thumbnail","hentry","category-cultura"],"_links":{"self":[{"href":"https:\/\/corrientesdetarde.com\/index.php\/wp-json\/wp\/v2\/posts\/242011","targetHints":{"allow":["GET"]}}],"collection":[{"href":"https:\/\/corrientesdetarde.com\/index.php\/wp-json\/wp\/v2\/posts"}],"about":[{"href":"https:\/\/corrientesdetarde.com\/index.php\/wp-json\/wp\/v2\/types\/post"}],"author":[{"embeddable":true,"href":"https:\/\/corrientesdetarde.com\/index.php\/wp-json\/wp\/v2\/users\/3"}],"replies":[{"embeddable":true,"href":"https:\/\/corrientesdetarde.com\/index.php\/wp-json\/wp\/v2\/comments?post=242011"}],"version-history":[{"count":1,"href":"https:\/\/corrientesdetarde.com\/index.php\/wp-json\/wp\/v2\/posts\/242011\/revisions"}],"predecessor-version":[{"id":242026,"href":"https:\/\/corrientesdetarde.com\/index.php\/wp-json\/wp\/v2\/posts\/242011\/revisions\/242026"}],"wp:featuredmedia":[{"embeddable":true,"href":"https:\/\/corrientesdetarde.com\/index.php\/wp-json\/wp\/v2\/media\/242017"}],"wp:attachment":[{"href":"https:\/\/corrientesdetarde.com\/index.php\/wp-json\/wp\/v2\/media?parent=242011"}],"wp:term":[{"taxonomy":"category","embeddable":true,"href":"https:\/\/corrientesdetarde.com\/index.php\/wp-json\/wp\/v2\/categories?post=242011"},{"taxonomy":"post_tag","embeddable":true,"href":"https:\/\/corrientesdetarde.com\/index.php\/wp-json\/wp\/v2\/tags?post=242011"}],"curies":[{"name":"wp","href":"https:\/\/api.w.org\/{rel}","templated":true}]}}