{"id":24212,"date":"2022-12-01T07:09:37","date_gmt":"2022-12-01T10:09:37","guid":{"rendered":"https:\/\/corrientesdetarde.com\/?p=24212"},"modified":"2022-12-01T07:09:40","modified_gmt":"2022-12-01T10:09:40","slug":"diputados-apelo-el-fallo-que-impide-a-roxana-reyes-asumir-en-el-consejo-de-magistratura","status":"publish","type":"post","link":"https:\/\/corrientesdetarde.com\/index.php\/politica\/diputados-apelo-el-fallo-que-impide-a-roxana-reyes-asumir-en-el-consejo-de-magistratura\/","title":{"rendered":"Diputados apel\u00f3 el fallo que impide a Roxana Reyes asumir en el Consejo de Magistratura"},"content":{"rendered":"\n<p>&#8220;Apelo a la responsabilidad de todas la fuerzas pol\u00edticas\u00a0e instituciones para encontrar una pronta resoluci\u00f3n&#8221;, sostuvo Cecilia Moreau, presidenta de la c\u00e1mara Baja, en su rechazo a la decisi\u00f3n del juez Cormick, quien impidi\u00f3 la posibilidad de que el PRO y la UCR pudieran tener un diputado representante cada uno en el Consejo.<\/p>\n\n\n\n<p>La titular de la C\u00e1mara de Diputados,&nbsp;<strong>Cecilia Moreau<\/strong>, apel\u00f3 este mi\u00e9rcoles el fallo del juez&nbsp;<strong>Mart\u00edn Cormick<\/strong>&nbsp;que imped\u00eda a la diputada radical Roxana Reyes asumir una banca en el Consejo de la Magistratura y resolvi\u00f3 dejar en suspenso todas las designaciones efectuadas recientemente, con el argumento de resguardar las potestades de la instituci\u00f3n que preside.<\/p>\n\n\n\n<p>&#8220;Apelo a la responsabilidad de todas la fuerzas pol\u00edticas e instituciones de la Rep\u00fablica para encontrar una pronta resoluci\u00f3n a este tema&#8221;, sostuvo Moreau en su apelaci\u00f3n contra la decisi\u00f3n de Cormick, quien rechaz\u00f3 la posibilidad de que el PRO y la Uni\u00f3n C\u00edvica Radical (UCR) pudieran tener un diputado representante cada uno en el Consejo.<\/p>\n\n\n\n<p>El radicalismo hab\u00eda solicitado a Moreau una medida de ese tipo a trav\u00e9s del presidente de su bancada,<strong>&nbsp;Mario Negri<\/strong>, y de la propia Reyes, nominada por resoluci\u00f3n de la Presidencia de la C\u00e1mara para integrar el Consejo en representaci\u00f3n de la segunda minor\u00eda.<\/p>\n\n\n\n<p>Adem\u00e1s, los diputados radicales hab\u00edan pedido que la Presidencia del cuerpo &#8220;tambi\u00e9n rechace la improcedente intimaci\u00f3n contenida en el punto 2\u00b0 (del fallo de Cormick) por haber sido dictada sin jurisdicci\u00f3n y, lo m\u00e1s grave, por pretender imponer a esta C\u00e1mara una actuaci\u00f3n en desconocimiento del claro mandato de la ley 24.937 en lo que respecta a la potestad de propuesta de los legisladores representantes en el Consejo de la Magistratura en cabeza de los bloques legislativos de mayor representaci\u00f3n y de primera y segunda minor\u00eda, respectivamente&#8221;.<\/p>\n\n\n\n<p>De acuerdo con la apelaci\u00f3n presentada por Moreau, la C\u00e1mara de Diputados sostuvo que &#8220;elementales razones de prudencia permiten afirmar que<strong>&nbsp;el tratamiento de una cuesti\u00f3n de esta \u00edndole requerir\u00eda de la mayor amplitud en el debate, en el supuesto caso de que se entendiera, hip\u00f3tesis que esta representaci\u00f3n no acepta, que existe una &#8216;causa&#8217; o &#8216;caso&#8217; judicial&#8221;.<\/strong><\/p>\n\n\n\n<p><\/p>\n\n\n\n<p>Asimismo, en su planteo, Moreau remarc\u00f3 que &#8220;con la intenci\u00f3n de<strong>&nbsp;resguardar las potestades de la instituci\u00f3n<\/strong>&#8221; que representa, resolvi\u00f3 &#8220;dejar en suspenso todas las designaciones establecidas en la Resoluci\u00f3n 1608\/2022 hasta tanto se salde la cuesti\u00f3n&#8221;.<\/p>\n\n\n\n<p>Conocida la apelaci\u00f3n de la C\u00e1mara, desde el interbloque de Juntos por el Cambio (JxC) emitieron un comunicado mediante el cual se\u00f1alaron que &#8220;la presidenta de la C\u00e1mara comete abuso de autoridad&#8221; y que usar\u00e1n &#8220;todos los medios legales para hacer cesar este atropello institucional&#8221;.<\/p>\n\n\n\n<p>&#8220;<strong>Repudiamos<\/strong>&nbsp;la determinaci\u00f3n del kirchnerismo, a trav\u00e9s de la presidenta de la C\u00e1mara, de&nbsp;<strong>dejar sin efecto las designaciones de diputados en el Consejo de la Magistratura&#8221;<\/strong>, se\u00f1al\u00f3 el texto emitido por la principal bancada opositora.<\/p>\n\n\n\n<p>En ese sentido, agreg\u00f3: &#8220;El interbloque Juntos por el Cambio bajo ning\u00fan punto de vista puede permitir este atropello a las instituciones de la Rep\u00fablica ni consentir que la C\u00e1mara de Diputados quede sometida a los deseos de&nbsp;<strong>Cristina Fern\u00e1ndez de Kirchner<\/strong>&#8220;.<\/p>\n\n\n\n<p>&#8220;Resulta un hecho de gravedad institucional sin precedentes que la Presidencia de la C\u00e1mara se arrogue esta atribuci\u00f3n que tiene consecuencias de trascendencia para la integraci\u00f3n y funcionamiento del Consejo de la Magistratura. La Presidenta de la C\u00e1mara ha abusado de su autoridad y se ha entronizado como la due\u00f1a de la voluntad de un Cuerpo colegiado como lo es la C\u00e1mara de Diputados de la Naci\u00f3n, impidiendo con ello que las minor\u00edas integren el Consejo de la Magistratura&#8221;, expres\u00f3.<\/p>\n\n\n\n<p><strong>&#8220;Vamos a emplear todos los medios legales disponibles para hacer cesar este atropello al orden constitucional y hacer efectivas las responsabilidades del caso&#8221;<\/strong>, advirtieron.<\/p>\n\n\n\n<p><\/p>\n\n\n\n<p>Luego, el bloque del Frente de Todos (FdT) expres\u00f3 su\u00a0&#8220;respaldo incondicional a las decisiones tomadas por Moreau&#8221;, por considerar que se tomaron &#8220;sin ninguna mezquindad pol\u00edtica sectorial&#8221;.<\/p>\n\n\n\n<p>&#8220;Las decisiones de apelar el reciente fallo y de firmar una resoluci\u00f3n suspendiendo la designaci\u00f3n de integrantes de esta C\u00e1mara al Consejo de la Magistratura son institucionalmente correctas y plenamente ajustadas a derecho&#8221;, se\u00f1alaron desde la bancada oficialista a trav\u00e9s de un comunicado.<\/p>\n\n\n\n<p>Para los liderados por&nbsp;<strong>Germ\u00e1n Mart\u00ednez<\/strong>&nbsp;&#8220;<strong>urge empezar a ordenar lo que la Corte Suprema de Justicia de la Naci\u00f3n desorden\u00f3 con el fallo de diciembre de 2021<\/strong>, en el que emplaz\u00f3 al Congreso y repuso la vigencia de una ley derogada, por lo que decisiones de Cecilia Moreau van en el sentido correcto&#8221;.<\/p>\n\n\n\n<p>El juez Cormick sostuvo en su fallo que la actual &#8220;asignaci\u00f3n de representantes se efect\u00faa con legisladores elegidos en las elecciones efectuadas en 2019 y 2021&#8221; y que &#8220;en ambos procesos electorales el Frente de Todos (Partido Justicialista y otros), constituy\u00f3 una alternativa para votar; y el Frente Juntos por el Cambio (PRO, UCR, Coalici\u00f3n C\u00edvica), otra&#8221;.<\/p>\n\n\n\n<p>Para el juez, &#8220;de otorgarle un integrante al bloque constituido por el PRO y otro integrante al bloque UCR, se estar\u00eda vedando de participar a la real segunda minor\u00eda de la c\u00e1mara&#8221;. As\u00ed consider\u00f3 que la Presidencia de la C\u00e1mara debe dictar una nueva resoluci\u00f3n, &#8220;no pudiendo otorgar la representaci\u00f3n del tercer espacio a la Uni\u00f3n C\u00edvica Radical&#8221;.<\/p>\n\n\n\n<p>La semana pasada, la Corte Suprema de Justicia decidi\u00f3 tomar juramento a los cuatro consejeros de la Magistratura en representaci\u00f3n de la C\u00e1mara de Diputados y dej\u00f3 en suspenso la jura de los cuatro senadores nominados por la C\u00e1mara alta.<\/p>\n\n\n\n<p>En tanto, la Justicia en lo Contencioso Administrativo federal rechaz\u00f3 el amparo presentado por el senador Luis Juez para impedir que asuma su par del Frente de Todos (FdT) Mart\u00edn Do\u00f1ate en el Consejo de la Magistratura.<\/p>\n\n\n\n<p>De tal manera, la Corte tiene nuevamente en sus manos la decisi\u00f3n final sobre la controversia Do\u00f1ate-Juez.<\/p>\n\n\n\n<p>Y, de acuerdo a la evoluci\u00f3n de las diligencias procesales, no se descarta que la situaci\u00f3n de los diputados pueda seguir el mismo derrotero y demande una resoluci\u00f3n del m\u00e1ximo tribunal de justicia.<\/p>\n","protected":false},"excerpt":{"rendered":"<p>&#8220;Apelo a la responsabilidad de todas la fuerzas pol\u00edticas\u00a0e instituciones para encontrar una pronta resoluci\u00f3n&#8221;, sostuvo Cecilia Moreau, presidenta de la c\u00e1mara Baja, en su rechazo a la decisi\u00f3n del&hellip; <\/p>\n","protected":false},"author":1,"featured_media":24213,"comment_status":"closed","ping_status":"open","sticky":false,"template":"","format":"standard","meta":{"footnotes":""},"categories":[3],"tags":[],"class_list":["post-24212","post","type-post","status-publish","format-standard","has-post-thumbnail","hentry","category-politica"],"_links":{"self":[{"href":"https:\/\/corrientesdetarde.com\/index.php\/wp-json\/wp\/v2\/posts\/24212","targetHints":{"allow":["GET"]}}],"collection":[{"href":"https:\/\/corrientesdetarde.com\/index.php\/wp-json\/wp\/v2\/posts"}],"about":[{"href":"https:\/\/corrientesdetarde.com\/index.php\/wp-json\/wp\/v2\/types\/post"}],"author":[{"embeddable":true,"href":"https:\/\/corrientesdetarde.com\/index.php\/wp-json\/wp\/v2\/users\/1"}],"replies":[{"embeddable":true,"href":"https:\/\/corrientesdetarde.com\/index.php\/wp-json\/wp\/v2\/comments?post=24212"}],"version-history":[{"count":1,"href":"https:\/\/corrientesdetarde.com\/index.php\/wp-json\/wp\/v2\/posts\/24212\/revisions"}],"predecessor-version":[{"id":24214,"href":"https:\/\/corrientesdetarde.com\/index.php\/wp-json\/wp\/v2\/posts\/24212\/revisions\/24214"}],"wp:featuredmedia":[{"embeddable":true,"href":"https:\/\/corrientesdetarde.com\/index.php\/wp-json\/wp\/v2\/media\/24213"}],"wp:attachment":[{"href":"https:\/\/corrientesdetarde.com\/index.php\/wp-json\/wp\/v2\/media?parent=24212"}],"wp:term":[{"taxonomy":"category","embeddable":true,"href":"https:\/\/corrientesdetarde.com\/index.php\/wp-json\/wp\/v2\/categories?post=24212"},{"taxonomy":"post_tag","embeddable":true,"href":"https:\/\/corrientesdetarde.com\/index.php\/wp-json\/wp\/v2\/tags?post=24212"}],"curies":[{"name":"wp","href":"https:\/\/api.w.org\/{rel}","templated":true}]}}