{"id":24218,"date":"2022-12-01T07:14:48","date_gmt":"2022-12-01T10:14:48","guid":{"rendered":"https:\/\/corrientesdetarde.com\/?p=24218"},"modified":"2022-12-01T07:14:51","modified_gmt":"2022-12-01T10:14:51","slug":"horror-en-mar-del-plata-detuvieron-a-una-mujer-acusada-de-matar-a-su-hija-intoxicandola-con-alcohol-y-extasis","status":"publish","type":"post","link":"https:\/\/corrientesdetarde.com\/index.php\/crimen-y-justicia\/horror-en-mar-del-plata-detuvieron-a-una-mujer-acusada-de-matar-a-su-hija-intoxicandola-con-alcohol-y-extasis\/","title":{"rendered":"Horror en Mar del Plata: detuvieron a una mujer acusada de matar a su hija intoxic\u00e1ndola con alcohol y \u00e9xtasis"},"content":{"rendered":"\n<p>La nena de 8 a\u00f1os sufr\u00eda de epilepsia refractaria con s\u00edndrome de West y un retraso madurativo. Tras su fallecimiento, su padre insisti\u00f3 en que las autoridades investigaran el caso y la madre de la menor qued\u00f3 detenida.<\/p>\n\n\n\n<p>Una mujer fue detenida este mi\u00e9rcoles en Mar del Plata durante un operativo de la Direcci\u00f3n Departamental de Investigaciones (DDI),&nbsp;<strong>acusada de haber asesinado a su hija de 8 a\u00f1os<\/strong>, quien muri\u00f3 en su casa el 3 de septiembre.<\/p>\n\n\n\n<p>La nena sufr\u00eda de epilepsia refractaria con s\u00edndrome de West y ten\u00eda un retraso madurativo. Su muerte fue produjo por un c\u00f3ctel que tom\u00f3 de bebidas alcoh\u00f3licas y drogas, entre ellas MDMA (\u00e9xtasis) y Midazolam (benzodiazepina), seg\u00fan confirm\u00f3 el diario&nbsp;<em>0223.<\/em><\/p>\n\n\n\n<p><\/p>\n\n\n\n<p>Las autoridades sospechan que fue su madre, de 46 a\u00f1os, quien le dio la bebida y es por eso que en las \u00faltimas horas qued\u00f3 detenida. La denuncia contra la madre de la menor fue radicada por el padre que, como no viv\u00eda con ella, dud\u00f3 de las circunstancias en las que hab\u00eda fallecido la peque\u00f1a.<\/p>\n\n\n\n<p>De acuerdo con lo informado por el diario&nbsp;<em>La Capital<\/em>, inicialmente los m\u00e9dicos certificaron que el cuerpo de la nena no ten\u00eda se\u00f1ales de traumatismos, por lo que determinaron que hab\u00eda sido una muerte natural.<\/p>\n\n\n\n<p>Sin embargo, el padre sospechaba de su expareja, por lo que, desde la fiscal\u00eda, se pidi\u00f3 a la Justicia de Garant\u00edas la exhumaci\u00f3n del cuerpo y se encarg\u00f3 al Cuerpo M\u00e9dico Forense de la Polic\u00eda Cient\u00edfica una serie de estudios de laboratorio.<\/p>\n\n\n\n<figure class=\"wp-block-image\"><img decoding=\"async\" src=\"https:\/\/tn.com.ar\/resizer\/I6juO2jb7GFIhza0uCfI3Ih_r3c=\/767x0\/smart\/filters:format(webp)\/cloudfront-us-east-1.images.arcpublishing.com\/artear\/5DEERN5XTJFUTPNDP46L76YHDM.webp\" alt=\"Tras un operativo, detuvieron a la mujer en su casa en Mar del Plata. (Foto: Gentileza 0223)\"\/><figcaption>Tras un operativo, detuvieron a la mujer en su casa en Mar del Plata. (Foto: Gentileza 0223)<\/figcaption><\/figure>\n\n\n\n<p>Con los nuevos resultados, se supo que la autopsia revel\u00f3 que la nena sufri\u00f3 una \u201c<strong>alteraci\u00f3n encef\u00e1lica a consecuencia de una hemorragia cerebral<\/strong>&nbsp;subaracnoidea producto de una intoxicaci\u00f3n aguda\u201d.<\/p>\n\n\n\n<p>De este modo, la Unidad Funcional de Instrucci\u00f3n (UFI) N\u00b01 pidi\u00f3 la detenci\u00f3n de la madre de la nena, y tras el aval de la Justicia de Garant\u00edas y, la sospechosa&nbsp;<strong>fue aprehendida en su casa<\/strong>&nbsp;durante un allanamiento coordinado por la DDI.<\/p>\n\n\n\n<p><\/p>\n\n\n\n<p>La mujer fue trasladada a la c\u00e1rcel de Bat\u00e1n a la espera del interrogatorio que se llevar\u00e1 a cabo este jueves, al mismo tiempo que ser\u00e1 imputada por&nbsp;<strong>homicidio agravado por el v\u00ednculo<\/strong>, un delito que prev\u00e9 una pena de prisi\u00f3n perpetua. El caso qued\u00f3 a cargo del fiscal Ramiro Anchou.<\/p>\n","protected":false},"excerpt":{"rendered":"<p>La nena de 8 a\u00f1os sufr\u00eda de epilepsia refractaria con s\u00edndrome de West y un retraso madurativo. Tras su fallecimiento, su padre insisti\u00f3 en que las autoridades investigaran el caso&hellip; <\/p>\n","protected":false},"author":1,"featured_media":24219,"comment_status":"closed","ping_status":"open","sticky":false,"template":"","format":"standard","meta":{"footnotes":""},"categories":[5],"tags":[],"class_list":["post-24218","post","type-post","status-publish","format-standard","has-post-thumbnail","hentry","category-crimen-y-justicia"],"_links":{"self":[{"href":"https:\/\/corrientesdetarde.com\/index.php\/wp-json\/wp\/v2\/posts\/24218","targetHints":{"allow":["GET"]}}],"collection":[{"href":"https:\/\/corrientesdetarde.com\/index.php\/wp-json\/wp\/v2\/posts"}],"about":[{"href":"https:\/\/corrientesdetarde.com\/index.php\/wp-json\/wp\/v2\/types\/post"}],"author":[{"embeddable":true,"href":"https:\/\/corrientesdetarde.com\/index.php\/wp-json\/wp\/v2\/users\/1"}],"replies":[{"embeddable":true,"href":"https:\/\/corrientesdetarde.com\/index.php\/wp-json\/wp\/v2\/comments?post=24218"}],"version-history":[{"count":1,"href":"https:\/\/corrientesdetarde.com\/index.php\/wp-json\/wp\/v2\/posts\/24218\/revisions"}],"predecessor-version":[{"id":24220,"href":"https:\/\/corrientesdetarde.com\/index.php\/wp-json\/wp\/v2\/posts\/24218\/revisions\/24220"}],"wp:featuredmedia":[{"embeddable":true,"href":"https:\/\/corrientesdetarde.com\/index.php\/wp-json\/wp\/v2\/media\/24219"}],"wp:attachment":[{"href":"https:\/\/corrientesdetarde.com\/index.php\/wp-json\/wp\/v2\/media?parent=24218"}],"wp:term":[{"taxonomy":"category","embeddable":true,"href":"https:\/\/corrientesdetarde.com\/index.php\/wp-json\/wp\/v2\/categories?post=24218"},{"taxonomy":"post_tag","embeddable":true,"href":"https:\/\/corrientesdetarde.com\/index.php\/wp-json\/wp\/v2\/tags?post=24218"}],"curies":[{"name":"wp","href":"https:\/\/api.w.org\/{rel}","templated":true}]}}