{"id":242181,"date":"2026-01-07T17:59:00","date_gmt":"2026-01-07T20:59:00","guid":{"rendered":"https:\/\/corrientesdetarde.com\/?p=242181"},"modified":"2026-01-07T18:07:37","modified_gmt":"2026-01-07T21:07:37","slug":"romina-gaetani-fue-sometida-a-una-pericia-psiquiatrica-tras-la-denuncia-a-su-expareja","status":"publish","type":"post","link":"https:\/\/corrientesdetarde.com\/index.php\/espectaculos\/romina-gaetani-fue-sometida-a-una-pericia-psiquiatrica-tras-la-denuncia-a-su-expareja\/","title":{"rendered":"Romina Gaetani fue sometida a una pericia psiqui\u00e1trica tras la denuncia a su expareja."},"content":{"rendered":"\n<h2 class=\"wp-block-heading\">La actriz habl\u00f3 del dif\u00edcil momento que atraviesa luego de haber acusado a Luis Cavanagh por violencia de g\u00e9nero.<\/h2>\n\n\n\n<p><strong>Romina Gaetani<\/strong>\u00a0decidi\u00f3 hablar luego de denunciar a su expareja, Luis Cavanagh,\u00a0<strong>por violencia de g\u00e9nero<\/strong>. Tras someterse a una extensa pericia psiqui\u00e1trica,\u00a0<strong>la actriz comparti\u00f3 un duro testimonio<\/strong>\u00a0en el que relat\u00f3 el proceso de maltrato que, seg\u00fan cont\u00f3, atraves\u00f3 durante la relaci\u00f3n.<\/p>\n\n\n\n<p>Quien dio detalles del delicado momento que vive Gaetani fue Mar\u00eda Fernanda Callej\u00f3n, amiga cercana de la artista. Al aire de&nbsp;<em>La ma\u00f1ana con Moria (eltrece)<\/em>, la panelista explic\u00f3: \u201cAyer ella&nbsp;<strong>se someti\u00f3 a una pericia psiqui\u00e1trica muy profunda y extensa<\/strong>\u201d.<\/p>\n\n\n\n<p>Callej\u00f3n tambi\u00e9n revel\u00f3 que el contacto con Romina fue m\u00ednimo debido al estado emocional en el que se encuentra la actriz. \u201c<strong>No me pudo hablar casi nada<\/strong>, solo un ratito a la ma\u00f1ana. No hay nadie mejor que yo para entenderla\u201d, expres\u00f3, y vincul\u00f3 la situaci\u00f3n con la experiencia personal que vivi\u00f3 junto a Ricardo Diotto, padre de su hija.<\/p>\n\n\n\n<figure class=\"wp-block-image\"><img decoding=\"async\" src=\"https:\/\/tn.com.ar\/resizer\/v2\/romina-gaetani-denuncio-a-su-exnovio-por-violencia-de-genero-foto-movilpress-VDSXVLLJRFB6RA5WBN7O46UGIY.jpg?auth=3527842a666902c05938d2a8d6a371609c499247ffc7ff70c5451236f0ebe490&amp;width=767\" alt=\"Romina Gaetani denunci\u00f3 a su exnovio por violencia de g\u00e9nero (Foto: Movilpress)\"\/><figcaption class=\"wp-element-caption\">Romina Gaetani denunci\u00f3 a su exnovio por violencia de g\u00e9nero (Foto: Movilpress)<\/figcaption><\/figure>\n\n\n\n<p>En la charla, Gaetani comparti\u00f3 un mensaje estremecedor en el que dej\u00f3 en evidencia el impacto psicol\u00f3gico del v\u00ednculo: \u201c<strong>Estoy rota.<\/strong>&nbsp;Mi cabeza todav\u00eda no logra encontrar las palabras para procesar todo, para entender c\u00f3mo permit\u00ed que me pusieran las manos encima\u201d.<\/p>\n\n\n\n<p>La actriz detall\u00f3 que la violencia no apareci\u00f3 de manera abrupta, sino que fue escalando con el tiempo: \u201cAl principio era verbal. Es un tipo de violencia que va entrando de a poco, por goteo, hasta que logr\u00f3 reducirme, hacerme chiquita\u201d. Y agreg\u00f3 una frase que gener\u00f3 fuerte repercusi\u00f3n: \u201cA veces sabemos estas cosas, pero&nbsp;<strong>cuando nos toca vivirlas no las vemos<\/strong>. Porque a\u00fan lo amo y sufro por eso\u201d.<\/p>\n\n\n\n<p>Seg\u00fan explic\u00f3, el desgaste emocional fue constante y progresivo. \u201cFue destruyendo mi autoestima. No era la primera vez que revisaba mi celular\u201d, asegur\u00f3. Luego, enumer\u00f3 las conductas que padeci\u00f3: \u201cMe controlaba, me manipulaba y me somet\u00eda a hechos irreproducibles que&nbsp;<strong>ayer declar\u00e9 con lujo de detalles en la pericia psiqui\u00e1trica<\/strong>\u201d.<\/p>\n\n\n\n<p>Finalmente, Callej\u00f3n confirm\u00f3 que&nbsp;<strong>Romina Gaetani solicit\u00f3 medidas de protecci\u00f3n ante la Justicia<\/strong>. \u201cPidi\u00f3 la restricci\u00f3n perimetral y el bot\u00f3n de p\u00e1nico para resguardarse\u201d, precis\u00f3, en referencia a las acciones tomadas contra Luis Cavanagh.<\/p>\n","protected":false},"excerpt":{"rendered":"<p>La actriz habl\u00f3 del dif\u00edcil momento que atraviesa luego de haber acusado a Luis Cavanagh por violencia de g\u00e9nero. Romina Gaetani\u00a0decidi\u00f3 hablar luego de denunciar a su expareja, Luis Cavanagh,\u00a0por&hellip; <\/p>\n","protected":false},"author":6,"featured_media":242187,"comment_status":"closed","ping_status":"open","sticky":false,"template":"","format":"standard","meta":{"footnotes":""},"categories":[19],"tags":[],"class_list":["post-242181","post","type-post","status-publish","format-standard","has-post-thumbnail","hentry","category-espectaculos"],"_links":{"self":[{"href":"https:\/\/corrientesdetarde.com\/index.php\/wp-json\/wp\/v2\/posts\/242181","targetHints":{"allow":["GET"]}}],"collection":[{"href":"https:\/\/corrientesdetarde.com\/index.php\/wp-json\/wp\/v2\/posts"}],"about":[{"href":"https:\/\/corrientesdetarde.com\/index.php\/wp-json\/wp\/v2\/types\/post"}],"author":[{"embeddable":true,"href":"https:\/\/corrientesdetarde.com\/index.php\/wp-json\/wp\/v2\/users\/6"}],"replies":[{"embeddable":true,"href":"https:\/\/corrientesdetarde.com\/index.php\/wp-json\/wp\/v2\/comments?post=242181"}],"version-history":[{"count":1,"href":"https:\/\/corrientesdetarde.com\/index.php\/wp-json\/wp\/v2\/posts\/242181\/revisions"}],"predecessor-version":[{"id":242188,"href":"https:\/\/corrientesdetarde.com\/index.php\/wp-json\/wp\/v2\/posts\/242181\/revisions\/242188"}],"wp:featuredmedia":[{"embeddable":true,"href":"https:\/\/corrientesdetarde.com\/index.php\/wp-json\/wp\/v2\/media\/242187"}],"wp:attachment":[{"href":"https:\/\/corrientesdetarde.com\/index.php\/wp-json\/wp\/v2\/media?parent=242181"}],"wp:term":[{"taxonomy":"category","embeddable":true,"href":"https:\/\/corrientesdetarde.com\/index.php\/wp-json\/wp\/v2\/categories?post=242181"},{"taxonomy":"post_tag","embeddable":true,"href":"https:\/\/corrientesdetarde.com\/index.php\/wp-json\/wp\/v2\/tags?post=242181"}],"curies":[{"name":"wp","href":"https:\/\/api.w.org\/{rel}","templated":true}]}}