{"id":242221,"date":"2026-01-07T20:00:00","date_gmt":"2026-01-07T23:00:00","guid":{"rendered":"https:\/\/corrientesdetarde.com\/?p=242221"},"modified":"2026-01-07T20:04:58","modified_gmt":"2026-01-07T23:04:58","slug":"robaron-a-un-cura-en-el-predio-del-gaucho-gil","status":"publish","type":"post","link":"https:\/\/corrientesdetarde.com\/index.php\/policiales\/robaron-a-un-cura-en-el-predio-del-gaucho-gil\/","title":{"rendered":"Robaron a un cura en el predio del Gaucho Gil."},"content":{"rendered":"\n<h2 class=\"wp-block-heading\">Un sacerdote fue v\u00edctima del hurto de un malet\u00edn con pertenencias personales y religiosas; los objetos fueron recuperados y se investiga el hecho.<\/h2>\n\n\n\n<p>Un robo fue denunciado en las \u00faltimas horas en el predio del Gaucho Gil, en la ciudad de Mercedes, luego de que un sacerdote local sufriera el hurto de un malet\u00edn con pertenencias personales y religiosas mientras se encontraba en el lugar.<\/p>\n\n\n\n<p>Seg\u00fan informaron medios locales, los autores del hecho, que a\u00fan no fueron identificados, habr\u00edan aprovechado un descuido del cura para sustraer el malet\u00edn, en cuyo interior se encontraban su sotana y una Biblia.<\/p>\n\n\n\n<p>Tras la denuncia y el r\u00e1pido aviso a las autoridades, se logr\u00f3 recuperar la totalidad de los elementos, sin que se registraran da\u00f1os. Los objetos fueron hallados posteriormente en un local comercial del nuevo predio.<ins><\/ins><\/p>\n\n\n\n<p>Pese a la recuperaci\u00f3n de las pertenencias, la Polic\u00eda inici\u00f3 una investigaci\u00f3n bajo la car\u00e1tula de hurto simple, con el objetivo de esclarecer lo ocurrido e identificar a los responsables del hecho.<\/p>\n\n\n\n<p><\/p>\n","protected":false},"excerpt":{"rendered":"<p>Un sacerdote fue v\u00edctima del hurto de un malet\u00edn con pertenencias personales y religiosas; los objetos fueron recuperados y se investiga el hecho. Un robo fue denunciado en las \u00faltimas&hellip; <\/p>\n","protected":false},"author":6,"featured_media":242225,"comment_status":"closed","ping_status":"open","sticky":false,"template":"","format":"standard","meta":{"footnotes":""},"categories":[33],"tags":[],"class_list":["post-242221","post","type-post","status-publish","format-standard","has-post-thumbnail","hentry","category-policiales"],"_links":{"self":[{"href":"https:\/\/corrientesdetarde.com\/index.php\/wp-json\/wp\/v2\/posts\/242221","targetHints":{"allow":["GET"]}}],"collection":[{"href":"https:\/\/corrientesdetarde.com\/index.php\/wp-json\/wp\/v2\/posts"}],"about":[{"href":"https:\/\/corrientesdetarde.com\/index.php\/wp-json\/wp\/v2\/types\/post"}],"author":[{"embeddable":true,"href":"https:\/\/corrientesdetarde.com\/index.php\/wp-json\/wp\/v2\/users\/6"}],"replies":[{"embeddable":true,"href":"https:\/\/corrientesdetarde.com\/index.php\/wp-json\/wp\/v2\/comments?post=242221"}],"version-history":[{"count":1,"href":"https:\/\/corrientesdetarde.com\/index.php\/wp-json\/wp\/v2\/posts\/242221\/revisions"}],"predecessor-version":[{"id":242226,"href":"https:\/\/corrientesdetarde.com\/index.php\/wp-json\/wp\/v2\/posts\/242221\/revisions\/242226"}],"wp:featuredmedia":[{"embeddable":true,"href":"https:\/\/corrientesdetarde.com\/index.php\/wp-json\/wp\/v2\/media\/242225"}],"wp:attachment":[{"href":"https:\/\/corrientesdetarde.com\/index.php\/wp-json\/wp\/v2\/media?parent=242221"}],"wp:term":[{"taxonomy":"category","embeddable":true,"href":"https:\/\/corrientesdetarde.com\/index.php\/wp-json\/wp\/v2\/categories?post=242221"},{"taxonomy":"post_tag","embeddable":true,"href":"https:\/\/corrientesdetarde.com\/index.php\/wp-json\/wp\/v2\/tags?post=242221"}],"curies":[{"name":"wp","href":"https:\/\/api.w.org\/{rel}","templated":true}]}}