{"id":242253,"date":"2026-01-08T10:01:14","date_gmt":"2026-01-08T13:01:14","guid":{"rendered":"https:\/\/corrientesdetarde.com\/?p=242253"},"modified":"2026-01-08T10:01:15","modified_gmt":"2026-01-08T13:01:15","slug":"destinan-900-millones-para-el-puente-santo-tome-san-borja","status":"publish","type":"post","link":"https:\/\/corrientesdetarde.com\/index.php\/informacion-general\/destinan-900-millones-para-el-puente-santo-tome-san-borja\/","title":{"rendered":"Destinan $900 millones para el puente Santo Tom\u00e9-San Borja"},"content":{"rendered":"\n<p>A trav\u00e9s de una reciente resoluci\u00f3n del Ministerio del Interior, el Gobierno argentino oficializ\u00f3 el env\u00edo de fondos destinados a la operatividad del puente internacional Santo Tom\u00e9 (provincia de Corrientes) &#8211; San Borja (Brasil), uno de los principales pasos fronterizos sobre el r\u00edo Uruguay.<\/p>\n\n\n\n<p>Seg\u00fan la Resoluci\u00f3n 74\/2025 se dispone la transferencia de exactamente $917.518.528,50.<\/p>\n\n\n\n<p>Este monto corresponde al aporte anual que Argentina debe realizar para el sostenimiento de la Comisi\u00f3n Mixta Argentino-Brasile\u00f1a (COMAB), el organismo encargado de administrar el viaducto.<\/p>\n\n\n\n<p>Aunque el pago se efectiviza ahora, la resoluci\u00f3n especifica que el dinero corresponde al Ejercicio 2023, cumpliendo con los compromisos asumidos en las normativas binacionales.<\/p>\n\n\n\n<p>Los fondos ser\u00e1n recibidos por la Delegaci\u00f3n de Control (DELCON) de la mencionada Comisi\u00f3n Mixta. Seg\u00fan el documento oficial, el presupuesto proviene directamente del Tesoro Nacional (Ministerio del Interior).<\/p>\n\n\n\n<h2 class=\"wp-block-heading\">Estrat\u00e9gico<\/h2>\n\n\n\n<p>El puente internacional entre Santo Tom\u00e9\u0096San Borja se ha convertido en uno de los puntos comerciales m\u00e1s importantes de la regi\u00f3n, ya que por este tramo circula gran parte del transporte de carga del Mercosur.<\/p>\n\n\n\n<p>Este tipo de transferencias garantiza que los organismos de control y administraci\u00f3n puedan continuar con sus tareas de mantenimiento y gesti\u00f3n fronteriza.<\/p>\n\n\n\n<p>La resoluci\u00f3n ya fue comunicada y publicada en el Bolet\u00edn Oficial, quedando as\u00ed formalizado el tr\u00e1mite administrativo para este caso.<\/p>\n","protected":false},"excerpt":{"rendered":"<p>A trav\u00e9s de una reciente resoluci\u00f3n del Ministerio del Interior, el Gobierno argentino oficializ\u00f3 el env\u00edo de fondos destinados a la operatividad del puente internacional Santo Tom\u00e9 (provincia de Corrientes)&hellip; <\/p>\n","protected":false},"author":3,"featured_media":242261,"comment_status":"closed","ping_status":"open","sticky":false,"template":"","format":"standard","meta":{"footnotes":""},"categories":[1],"tags":[],"class_list":["post-242253","post","type-post","status-publish","format-standard","has-post-thumbnail","hentry","category-informacion-general"],"_links":{"self":[{"href":"https:\/\/corrientesdetarde.com\/index.php\/wp-json\/wp\/v2\/posts\/242253","targetHints":{"allow":["GET"]}}],"collection":[{"href":"https:\/\/corrientesdetarde.com\/index.php\/wp-json\/wp\/v2\/posts"}],"about":[{"href":"https:\/\/corrientesdetarde.com\/index.php\/wp-json\/wp\/v2\/types\/post"}],"author":[{"embeddable":true,"href":"https:\/\/corrientesdetarde.com\/index.php\/wp-json\/wp\/v2\/users\/3"}],"replies":[{"embeddable":true,"href":"https:\/\/corrientesdetarde.com\/index.php\/wp-json\/wp\/v2\/comments?post=242253"}],"version-history":[{"count":1,"href":"https:\/\/corrientesdetarde.com\/index.php\/wp-json\/wp\/v2\/posts\/242253\/revisions"}],"predecessor-version":[{"id":242269,"href":"https:\/\/corrientesdetarde.com\/index.php\/wp-json\/wp\/v2\/posts\/242253\/revisions\/242269"}],"wp:featuredmedia":[{"embeddable":true,"href":"https:\/\/corrientesdetarde.com\/index.php\/wp-json\/wp\/v2\/media\/242261"}],"wp:attachment":[{"href":"https:\/\/corrientesdetarde.com\/index.php\/wp-json\/wp\/v2\/media?parent=242253"}],"wp:term":[{"taxonomy":"category","embeddable":true,"href":"https:\/\/corrientesdetarde.com\/index.php\/wp-json\/wp\/v2\/categories?post=242253"},{"taxonomy":"post_tag","embeddable":true,"href":"https:\/\/corrientesdetarde.com\/index.php\/wp-json\/wp\/v2\/tags?post=242253"}],"curies":[{"name":"wp","href":"https:\/\/api.w.org\/{rel}","templated":true}]}}