{"id":242255,"date":"2026-01-08T10:01:09","date_gmt":"2026-01-08T13:01:09","guid":{"rendered":"https:\/\/corrientesdetarde.com\/?p=242255"},"modified":"2026-01-08T10:01:40","modified_gmt":"2026-01-08T13:01:40","slug":"destrozaron-vidrios-de-micros-tras-anuncio-de-paro-de-colectiveros","status":"publish","type":"post","link":"https:\/\/corrientesdetarde.com\/index.php\/cultura\/destrozaron-vidrios-de-micros-tras-anuncio-de-paro-de-colectiveros\/","title":{"rendered":"Destrozaron vidrios de micros tras anuncio de paro de colectiveros"},"content":{"rendered":"\n<p>El sindicato pretende que el b\u00e1sico se eleve de $1.200.000 a $1.370.000 y el vi\u00e1tico diario pase de $8.000 a $13.000. &#8220;Los montos se dan en un marco de acuerdo atentos a la realidad y con la situaci\u00f3n de crisis&#8221;, apunt\u00f3 el vocero de CETUC.<\/p>\n\n\n\n<p>La Uni\u00f3n Tranviarios Automotor (UTA) de Corrientes anunci\u00f3 un paro en el servicio de transporte urbano de pasajeros en reclamo de un incremento salarial que los empresarios calificaron de inviable. Tras la confirmaci\u00f3n de la medida de fuerza, varios colectivos fueron atacados y sus vidrios sufrieron severos da\u00f1os. Afortunadamente, ning\u00fan pasajero sufri\u00f3 lesi\u00f3n.<\/p>\n\n\n\n<p>El sindicato reclama un incremento en el salario b\u00e1sico de $1.200.000 a $1.370.000 y un vi\u00e1tico diario de $8.000 a $13.000. &#8220;El nuevo salario que pide la UTA es inviable de pagar&#8221;, expres\u00f3 Gustavo Larrea, vocero de la C\u00e1mara de Empresarios del Transporte Urbano de Corrientes (CETUC).<\/p>\n\n\n\n<p>&#8220;El monto (por los valores de los salarios y vi\u00e1ticos actuales) se da en un marco de acuerdo atento a la realidad actual y con la situaci\u00f3n de crisis&#8221;, apunt\u00f3 Larrea, quien agreg\u00f3 que &#8220;es imposible hacer frente al reclamo&#8221;, por la pretensi\u00f3n de incremento exigido por la UTA.<\/p>\n\n\n\n<p>El vocero de CETUC remarc\u00f3 que los valores reclamados no figuran dentro de la estructura vigente. &#8220;Esos montos no est\u00e1n previstos en las tarifas y tampoco se puede trasladar a futuro en ellas, ya que la gente no puede pagar este costo&#8221;, se\u00f1al\u00f3. En la misma l\u00ednea, reiter\u00f3: &#8220;No podemos trasladar el costo salarial a la gente&#8221;.<\/p>\n\n\n\n<p>Larrea tambi\u00e9n hizo referencia al contexto econ\u00f3mico y a la ca\u00edda de pasajeros. &#8220;No hay margen para trasladar esos costos al boleto porque la gente no lo puede pagar. Si no buscamos una soluci\u00f3n entre todos, en medio de esta crisis, va a ser imposible continuar&#8221;, manifest\u00f3.<\/p>\n\n\n\n<figure class=\"wp-block-image\"><img decoding=\"async\" src=\"https:\/\/www.diarioepoca.com\/content\/bucket\/4\/1469854w380h262c.jpg.webp\" alt=\"\"\/><\/figure>\n\n\n\n<p>&#8220;Es un pedido de recomposici\u00f3n salarial que es inviable. Los trabajadores lo saben porque ven la ca\u00edda de pasajeros que tenemos, es notable y es imposible de considerar, as\u00ed no podemos continuar&#8221;, insisti\u00f3 Larrea.<\/p>\n\n\n\n<p>De acuerdo a fuentes empresariales, ayer se abon\u00f3 el salario en los valores acordados sin el incremento pretendido por el sindicato. Por ello, la UTA confirm\u00f3 que hoy concretar\u00eda un paro en el servicio perjudicando a los usuarios del transporte urbano.<\/p>\n\n\n\n<p>Tras la confirmaci\u00f3n de la implementaci\u00f3n de la medida de fuerza, v\u00e1ndalos desconocidos atacaron a unidades de la L\u00ednea 106 C, una triste metodolog\u00eda de violencia que, lamentablemente, se utiliza cada vez que la UTA convoca a un paro por alg\u00fan reclamo.<\/p>\n\n\n\n<p>A pesar de que los vidrios de las unidades resultaron da\u00f1ados, afortunadamente ni los trabajadores al volante ni los pasajeros que se movilizaban en las unidades sufri\u00f3 lesi\u00f3n alguna.<\/p>\n","protected":false},"excerpt":{"rendered":"<p>El sindicato pretende que el b\u00e1sico se eleve de $1.200.000 a $1.370.000 y el vi\u00e1tico diario pase de $8.000 a $13.000. &#8220;Los montos se dan en un marco de acuerdo&hellip; <\/p>\n","protected":false},"author":3,"featured_media":242259,"comment_status":"closed","ping_status":"open","sticky":false,"template":"","format":"standard","meta":{"footnotes":""},"categories":[15],"tags":[],"class_list":["post-242255","post","type-post","status-publish","format-standard","has-post-thumbnail","hentry","category-cultura"],"_links":{"self":[{"href":"https:\/\/corrientesdetarde.com\/index.php\/wp-json\/wp\/v2\/posts\/242255","targetHints":{"allow":["GET"]}}],"collection":[{"href":"https:\/\/corrientesdetarde.com\/index.php\/wp-json\/wp\/v2\/posts"}],"about":[{"href":"https:\/\/corrientesdetarde.com\/index.php\/wp-json\/wp\/v2\/types\/post"}],"author":[{"embeddable":true,"href":"https:\/\/corrientesdetarde.com\/index.php\/wp-json\/wp\/v2\/users\/3"}],"replies":[{"embeddable":true,"href":"https:\/\/corrientesdetarde.com\/index.php\/wp-json\/wp\/v2\/comments?post=242255"}],"version-history":[{"count":2,"href":"https:\/\/corrientesdetarde.com\/index.php\/wp-json\/wp\/v2\/posts\/242255\/revisions"}],"predecessor-version":[{"id":242270,"href":"https:\/\/corrientesdetarde.com\/index.php\/wp-json\/wp\/v2\/posts\/242255\/revisions\/242270"}],"wp:featuredmedia":[{"embeddable":true,"href":"https:\/\/corrientesdetarde.com\/index.php\/wp-json\/wp\/v2\/media\/242259"}],"wp:attachment":[{"href":"https:\/\/corrientesdetarde.com\/index.php\/wp-json\/wp\/v2\/media?parent=242255"}],"wp:term":[{"taxonomy":"category","embeddable":true,"href":"https:\/\/corrientesdetarde.com\/index.php\/wp-json\/wp\/v2\/categories?post=242255"},{"taxonomy":"post_tag","embeddable":true,"href":"https:\/\/corrientesdetarde.com\/index.php\/wp-json\/wp\/v2\/tags?post=242255"}],"curies":[{"name":"wp","href":"https:\/\/api.w.org\/{rel}","templated":true}]}}