{"id":242256,"date":"2026-01-08T10:01:06","date_gmt":"2026-01-08T13:01:06","guid":{"rendered":"https:\/\/corrientesdetarde.com\/?p=242256"},"modified":"2026-01-08T10:01:37","modified_gmt":"2026-01-08T13:01:37","slug":"san-luis-la-asistencia-continua-mientras-el-riachuelo-baja-lento","status":"publish","type":"post","link":"https:\/\/corrientesdetarde.com\/index.php\/clima\/san-luis-la-asistencia-continua-mientras-el-riachuelo-baja-lento\/","title":{"rendered":"San Luis: la asistencia contin\u00faa mientras el Riachuelo baja lento"},"content":{"rendered":"\n<p>El ministro de Desarrollo Social, Jos\u00e9 Irigoyen, confirm\u00f3 que a\u00fan permanecen cerca de 400 evacuados. Destac\u00f3 el trabajo articulado con el Municipio y el plan de obras que proyecta el Gobernador para evitar nuevas inundaciones.<\/p>\n\n\n\n<p>En un contexto de emergencia h\u00eddrica que ha afectado a diversas localidades de la provincia, San Luis del Palmar se mantiene como el punto m\u00e1s cr\u00edtico. En di\u00e1logo con la prensa, el ministro de Desarrollo Social, Jos\u00e9 Irigoyen, detall\u00f3 el despliegue del Gobierno provincial para contener a las familias damnificadas y anticip\u00f3 que la asistencia se extender\u00e1 a las zonas rurales aisladas.<\/p>\n\n\n\n<p>Asistencia alimentaria y sanitaria Desde el inicio de la contingencia, y bajo directivas del gobernador Gustavo Vald\u00e9s, la cartera social ha hecho hincapi\u00e9 en la seguridad alimentaria. &#8220;Hicimos hincapi\u00e9 en la ayuda para que puedan cocinar, enviando no solo m\u00f3dulos secos sino tambi\u00e9n carne para la comida diaria de quienes est\u00e1n en los centros de evacuados&#8221;, explic\u00f3 Irigoyen.<\/p>\n\n\n\n<p>El operativo es integral: Salud P\u00fablica y el Ministerio de Seguridad (a trav\u00e9s de la Polic\u00eda y el 107) trabajan en conjunto con el hospital local. Adem\u00e1s del alimento, el Ministerio de Desarrollo Social provee agua potable y elementos potabilizadores para prevenir enfermedades derivadas del estancamiento h\u00eddrico.<\/p>\n\n\n\n<p>La cifra de evacuados actualmente ronda las 400 personas, a las que se suman un centenar de autoevacuados que comienzan un lento retorno a sus hogares. Sin embargo, la preocupaci\u00f3n se traslada ahora al campo.<\/p>\n\n\n\n<figure class=\"wp-block-image\"><img decoding=\"async\" src=\"https:\/\/www.diarioepoca.com\/content\/bucket\/5\/1469825w380h200c.jpg.webp\" alt=\"\"\/><figcaption class=\"wp-element-caption\">EL MINISTRO IRIGOYEN DESTAC\u00d3 LA ASISTENCIA DE DESARROLLO SOCIAL.<\/figcaption><\/figure>\n\n\n\n<p>&#8220;Para este viernes visitaremos la zona rural donde todav\u00eda no se ha podido llegar con asistencia f\u00edsica, solo por comunicaci\u00f3n. Hay much\u00edsima agua y solo se puede acceder mediante canoa y botes&#8221;, se\u00f1al\u00f3 el Ministro. La cuenca del Riachuelo, que recibe el drenaje de unas 360 mil hect\u00e1reas es el foco de monitoreo constante de los t\u00e9cnicos de Defensa Civil.<\/p>\n\n\n\n<p>Consultado sobre obras para una soluci\u00f3n definitiva, Irigoyen fue enf\u00e1tico al mencionar que el Ejecutivo provincial ya eval\u00faa soluciones de fondo.<\/p>\n\n\n\n<p>&#8220;El Gobernador est\u00e1 planeando tomar decisiones concretas para que esta situaci\u00f3n reincidente pueda moderarse a trav\u00e9s de una futura obra de infraestructura&#8221;, afirm\u00f3.<\/p>\n\n\n\n<p>El &#8220;d\u00eda despu\u00e9s&#8221;, mientras se aguarda que el cese de las lluvias permita el escurrimiento definitivo, el Gobierno ya prepara el operativo de retorno. Seg\u00fan indic\u00f3 el Ministro, ya cuentan con los elementos de limpieza y desinfecci\u00f3n necesarios para intervenir en las viviendas una vez que el agua baje por completo, trabajando en sinton\u00eda con el intendente local, N\u00e9stor Buj\u00e1n.<\/p>\n","protected":false},"excerpt":{"rendered":"<p>El ministro de Desarrollo Social, Jos\u00e9 Irigoyen, confirm\u00f3 que a\u00fan permanecen cerca de 400 evacuados. Destac\u00f3 el trabajo articulado con el Municipio y el plan de obras que proyecta el&hellip; <\/p>\n","protected":false},"author":3,"featured_media":242258,"comment_status":"closed","ping_status":"open","sticky":false,"template":"","format":"standard","meta":{"footnotes":""},"categories":[29],"tags":[],"class_list":["post-242256","post","type-post","status-publish","format-standard","has-post-thumbnail","hentry","category-clima"],"_links":{"self":[{"href":"https:\/\/corrientesdetarde.com\/index.php\/wp-json\/wp\/v2\/posts\/242256","targetHints":{"allow":["GET"]}}],"collection":[{"href":"https:\/\/corrientesdetarde.com\/index.php\/wp-json\/wp\/v2\/posts"}],"about":[{"href":"https:\/\/corrientesdetarde.com\/index.php\/wp-json\/wp\/v2\/types\/post"}],"author":[{"embeddable":true,"href":"https:\/\/corrientesdetarde.com\/index.php\/wp-json\/wp\/v2\/users\/3"}],"replies":[{"embeddable":true,"href":"https:\/\/corrientesdetarde.com\/index.php\/wp-json\/wp\/v2\/comments?post=242256"}],"version-history":[{"count":1,"href":"https:\/\/corrientesdetarde.com\/index.php\/wp-json\/wp\/v2\/posts\/242256\/revisions"}],"predecessor-version":[{"id":242272,"href":"https:\/\/corrientesdetarde.com\/index.php\/wp-json\/wp\/v2\/posts\/242256\/revisions\/242272"}],"wp:featuredmedia":[{"embeddable":true,"href":"https:\/\/corrientesdetarde.com\/index.php\/wp-json\/wp\/v2\/media\/242258"}],"wp:attachment":[{"href":"https:\/\/corrientesdetarde.com\/index.php\/wp-json\/wp\/v2\/media?parent=242256"}],"wp:term":[{"taxonomy":"category","embeddable":true,"href":"https:\/\/corrientesdetarde.com\/index.php\/wp-json\/wp\/v2\/categories?post=242256"},{"taxonomy":"post_tag","embeddable":true,"href":"https:\/\/corrientesdetarde.com\/index.php\/wp-json\/wp\/v2\/tags?post=242256"}],"curies":[{"name":"wp","href":"https:\/\/api.w.org\/{rel}","templated":true}]}}