{"id":24227,"date":"2022-12-01T07:30:03","date_gmt":"2022-12-01T10:30:03","guid":{"rendered":"https:\/\/corrientesdetarde.com\/?p=24227"},"modified":"2022-12-01T07:30:08","modified_gmt":"2022-12-01T10:30:08","slug":"escandalo-sexual-en-la-seleccion-de-serbia-vlahovic-y-gudelj-fueron-acusados-de-acostarse-con-las-esposas-de-dos-companeros","status":"publish","type":"post","link":"https:\/\/corrientesdetarde.com\/index.php\/deportes\/escandalo-sexual-en-la-seleccion-de-serbia-vlahovic-y-gudelj-fueron-acusados-de-acostarse-con-las-esposas-de-dos-companeros\/","title":{"rendered":"Esc\u00e1ndalo sexual en la selecci\u00f3n de Serbia: Vlahovic y Gudelj fueron acusados de acostarse con las esposas de dos compa\u00f1eros"},"content":{"rendered":"\n<h4 class=\"wp-block-heading\">El \u201crumor\u201d fue divulgado por un periodista ingl\u00e9s y lleg\u00f3 hasta la conferencia previa al cruce contra Suiza por el Grupo G del Mundial Qatar 2022. La desmentida de la Federaci\u00f3n y de uno de los jugadores implicados<\/h4>\n\n\n\n<p><\/p>\n\n\n\n<figure class=\"wp-block-image\"><img decoding=\"async\" src=\"https:\/\/cloudfront-us-east-1.images.arcpublishing.com\/infobae\/ASBK5HJ6FNBLJEV5ADWMPTJAAY.jpg\" alt=\"infobae\"\/><\/figure>\n\n\n\n<p>El&nbsp;<strong>Mundial Qatar 2022<\/strong>&nbsp;comenz\u00f3 a definir esta semana con los 16 clasificados a los octavos de final y, en la previa a esta instancia, estall\u00f3 un esc\u00e1ndalo de proporciones mayores en la selecci\u00f3n de Serbia.&nbsp;<strong>Dusan Vlahovic<\/strong>&nbsp;y&nbsp;<strong>Nemanja Gudelj<\/strong>&nbsp;fueron acusados de mantener relaciones sexuales con las esposas de&nbsp;<strong>Predraj Rajkovic y Luka Jovic<\/strong>. Los cuatro jugadores son parte de la delegaci\u00f3n que disputa la Copa del Mundo.<a href=\"https:\/\/www.infobae.com\/deportes\/2022\/11\/27\/camerun-vs-serbia-en-vivo-minuto-a-minuto-por-el-mundial-qatar-2022\/\" rel=\"noreferrer noopener\" target=\"_blank\"><\/a><\/p>\n\n\n\n<figure class=\"wp-block-image\"><a href=\"https:\/\/www.infobae.com\/deportes\/2022\/11\/27\/camerun-vs-serbia-en-vivo-minuto-a-minuto-por-el-mundial-qatar-2022\/\" target=\"_blank\" rel=\"noreferrer noopener\"><img decoding=\"async\" src=\"https:\/\/cloudfront-us-east-1.images.arcpublishing.com\/infobae\/X325XSGIBVCAJDBN4MV67MJS4Q.jpg\" alt=\"Cameroon's defender #03 Nicolas Nkoulou (L) fights for the ball with Serbia's forward #10 Dusan Tadic during the Qatar 2022 World Cup Group G football match between Cameroon and Serbia at the Al-Janoub Stadium in Al-Wakrah, south of Doha on November 28, 2022. (Photo by ADRIAN DENNIS \/ AFP)\"\/><\/a><\/figure>\n\n\n\n<p><\/p>\n\n\n\n<p>Toda esta situaci\u00f3n fue dada a conocer por un periodista que cubre el d\u00eda a d\u00eda del seleccionado para una cadena de habla inglesa.&nbsp;<strong>Richard Wilson<\/strong>&nbsp;divulg\u00f3 los detalles en un hilo de mensajes volcados en su cuenta personal de&nbsp;<em><strong>Twitter<\/strong><\/em>. En esos&nbsp;<em>tweets<\/em>, asegur\u00f3 que la falta de minutos del delantero de la&nbsp;<strong>Juventus<\/strong>&nbsp;en este&nbsp;<strong>Mundial<\/strong>, donde solo ha jugado menos de media hora en la derrota contra&nbsp;<strong>Brasil<\/strong>, estaba vinculado a una decisi\u00f3n del t\u00e9cnico m\u00e1s que a razones f\u00edsicas. Las fuentes allegadas al futbolista le reconocieron que, en el segundo \u00edtem, est\u00e1 al&nbsp;<strong>100%<\/strong>&nbsp;de su potencial.<\/p>\n\n\n\n<p>A continuaci\u00f3n, profundiz\u00f3 en este tema, pero baj\u00f3 los decibeles de su informaci\u00f3n al calificarla como un \u201crumor\u201d sin confirmaci\u00f3n.&nbsp;<strong>\u201cNo estoy diciendo que las cosas al comienzo de este hilo hayan sucedido, solo digo cu\u00e1l es el rumor ampliamente difundido. Pero lo que sucedi\u00f3 dar\u00eda cr\u00e9dito a la teor\u00eda de que hay una gran pelea que involucra a Vlahovic y que el estado f\u00edsico no es lo \u00fanico por lo que no juega\u201d<\/strong>, manifest\u00f3 Wilson.<\/p>\n\n\n\n<p><img loading=\"lazy\" decoding=\"async\" alt=\"La imagen de Sofija Milosevic y Ana Rajkovic, respectivamente\" height=\"1080\" width=\"1920\" class=\"\" src=\"https:\/\/cloudfront-us-east-1.images.arcpublishing.com\/infobae\/27BWIAIWBFH2XJ4INLEI6XZ6PM.jpg\" srcset=\"https:\/\/www.infobae.com\/new-resizer\/0wHWCNvO7XMeNS7Qz2aM6S7wTOM=\/420x236\/filters:format(webp):quality(85)\/cloudfront-us-east-1.images.arcpublishing.com\/infobae\/27BWIAIWBFH2XJ4INLEI6XZ6PM.jpg 420w,https:\/\/www.infobae.com\/new-resizer\/uuBuxGMsUB_MTb-x6fmABWNCQmI=\/768x432\/filters:format(webp):quality(85)\/cloudfront-us-east-1.images.arcpublishing.com\/infobae\/27BWIAIWBFH2XJ4INLEI6XZ6PM.jpg 768w,https:\/\/www.infobae.com\/new-resizer\/zx_qyRfxf7pP9q3QMOSsXqtioQg=\/992x558\/filters:format(webp):quality(85)\/cloudfront-us-east-1.images.arcpublishing.com\/infobae\/27BWIAIWBFH2XJ4INLEI6XZ6PM.jpg 992w,https:\/\/www.infobae.com\/new-resizer\/W2PzlLT7Tv5gf39XppxQh452DBI=\/1200x675\/filters:format(webp):quality(85)\/cloudfront-us-east-1.images.arcpublishing.com\/infobae\/27BWIAIWBFH2XJ4INLEI6XZ6PM.jpg 1200w,https:\/\/www.infobae.com\/new-resizer\/Fi7wfwgSP3cAJ9qA5WAtC37XvB4=\/1440x810\/filters:format(webp):quality(85)\/cloudfront-us-east-1.images.arcpublishing.com\/infobae\/27BWIAIWBFH2XJ4INLEI6XZ6PM.jpg 1440w\">La imagen de Sofija Milosevic y Ana Rajkovic, respectivamente<\/p>\n\n\n\n<p>El reportero tambi\u00e9n cont\u00f3 que&nbsp;<strong>Gudelj<\/strong>&nbsp;habr\u00eda tenido una aventura con&nbsp;<strong>Sofija Milosevic<\/strong>, pareja de&nbsp;<strong>Jovic<\/strong>, y esta infidelidad habr\u00eda derivado en una pelea entre ambos jugadores durante un entrenamiento. Seg\u00fan&nbsp;<strong>Wilson<\/strong>, esta aventura sucedi\u00f3 la noche siguiente al debut frente a&nbsp;<strong>Brasil<\/strong>&nbsp;e hizo que el volante central se quede en el banco los 90 minutos del empate 3-3 ante&nbsp;<strong>Camer\u00fan<\/strong>.<a href=\"https:\/\/www.infobae.com\/america\/peru\/2022\/11\/25\/checho-ibarra-le-quito-merito-al-golazo-de-richarlison-en-brasil-vs-serbia-por-mundial-qatar-2022\/\" rel=\"noreferrer noopener\" target=\"_blank\"><\/a><\/p>\n\n\n\n<figure class=\"wp-block-image\"><a href=\"https:\/\/www.infobae.com\/america\/peru\/2022\/11\/25\/checho-ibarra-le-quito-merito-al-golazo-de-richarlison-en-brasil-vs-serbia-por-mundial-qatar-2022\/\" target=\"_blank\" rel=\"noreferrer noopener\"><img decoding=\"async\" src=\"https:\/\/cloudfront-us-east-1.images.arcpublishing.com\/infobae\/UWKCRBPSEJE65JWLWV4NT6VUR4.png\" alt=\"'Checho' Ibarra opin\u00f3 del gol de Richarlison en Brasil vs Serbia por Copa del Mundo Qatar 2022.\"\/><\/a><\/figure>\n\n\n\n<p><\/p>\n\n\n\n<p>Con el paso de las horas, los rumores se acrecentaron y no qued\u00f3 solamente en un dicho de una persona. El tema tom\u00f3 mayor entidad porque lleg\u00f3 a la conferencia de prensa previa al cruce decisivo del viernes 2 de diciembre ante&nbsp;<strong>Suiza<\/strong>&nbsp;en un duelo que&nbsp;<strong>Serbia<\/strong>&nbsp;debe ganar para buscar la clasificaci\u00f3n a los octavos de final de la Copa del Mundo.<\/p>\n\n\n\n<p>Fue el propio&nbsp;<strong>Vlahovic<\/strong>&nbsp;que desminti\u00f3 por completo esta informaci\u00f3n:<strong>&nbsp;\u201cEs absurdo, una completa tonter\u00eda, un completo sinsentido inventado por gente que no tiene nada mejor que hacer. Quieren desestabilizarnos\u201d<\/strong>. En se\u00f1al de apoyo, este fragmento de la conferencia, que tambi\u00e9n cont\u00f3 con la presencia de&nbsp;<strong>Filip Kostic<\/strong>, fue el \u00fanico publicado en la cuenta oficial de&nbsp;<em>Twitter&nbsp;<\/em>de la&nbsp;<strong>Asociaci\u00f3n de F\u00fatbol de Serbia<\/strong>.<\/p>\n\n\n\n<p><img loading=\"lazy\" decoding=\"async\" alt=\"Los protagonistas de esta acusaci\u00f3n: el arquero Predrag Rajkovic y el delantero Luka Jovic\" height=\"1080\" width=\"1920\" class=\"\" src=\"https:\/\/cloudfront-us-east-1.images.arcpublishing.com\/infobae\/RF5P3EPKFJGGPI2CDOQLYVSHCI.jpg\" srcset=\"https:\/\/www.infobae.com\/new-resizer\/TrRmq7p0AcIJqfMjAn4uqWK7r88=\/420x236\/filters:format(webp):quality(85)\/cloudfront-us-east-1.images.arcpublishing.com\/infobae\/RF5P3EPKFJGGPI2CDOQLYVSHCI.jpg 420w,https:\/\/www.infobae.com\/new-resizer\/OuITa6tBX6dF9_pDGjgFEHhmmKI=\/768x432\/filters:format(webp):quality(85)\/cloudfront-us-east-1.images.arcpublishing.com\/infobae\/RF5P3EPKFJGGPI2CDOQLYVSHCI.jpg 768w,https:\/\/www.infobae.com\/new-resizer\/bQc2ub6HBfNf0qazRFnGZRU2_Ns=\/992x558\/filters:format(webp):quality(85)\/cloudfront-us-east-1.images.arcpublishing.com\/infobae\/RF5P3EPKFJGGPI2CDOQLYVSHCI.jpg 992w,https:\/\/www.infobae.com\/new-resizer\/4VVGTU4EoDoO2AEv7tnbPLGqh7U=\/1200x675\/filters:format(webp):quality(85)\/cloudfront-us-east-1.images.arcpublishing.com\/infobae\/RF5P3EPKFJGGPI2CDOQLYVSHCI.jpg 1200w,https:\/\/www.infobae.com\/new-resizer\/As_zUmm7E63fFArOXgnxbrOVfzw=\/1440x810\/filters:format(webp):quality(85)\/cloudfront-us-east-1.images.arcpublishing.com\/infobae\/RF5P3EPKFJGGPI2CDOQLYVSHCI.jpg 1440w\">Los protagonistas de esta acusaci\u00f3n: el arquero Predrag Rajkovic y el delantero Luka Jovic<\/p>\n\n\n\n<p><strong>\u201cEstoy listo para defender mi nombre; legalmente, si es necesario. Lo que se dice es mentira y el ambiente en el equipo es muy bueno.<\/strong>&nbsp;Nuestro objetivo ahora es el partido contra&nbsp;<strong>Suiza<\/strong>&nbsp;y es muy triste que se hable de otra cosa\u201d, expres\u00f3 el futbolista por el que la&nbsp;<em>Vecchia Signora<\/em>&nbsp;pag\u00f3 80 millones de euros a la&nbsp;<strong>Fiorentina<\/strong>.<\/p>\n\n\n\n<p>Adem\u00e1s, el jugador con pasado en el&nbsp;<strong>Real Madrid<\/strong>&nbsp;no se qued\u00f3 callado, pero opt\u00f3 por la burla para referirse a los pol\u00e9micos trascendidos. Para desactivar todo tipo de afirmaciones, pos\u00f3 junto a&nbsp;<strong>Gudelj<\/strong>&nbsp;como si fueran dos boxeadores, arrob\u00f3 a su compa\u00f1ero y exclam\u00f3:&nbsp;<strong>\u201cListo para la siguiente\u201d<\/strong>. Por si faltaba m\u00e1s, el hombre del&nbsp;<strong>Sevilla<\/strong>&nbsp;reposte\u00f3 esta imagen en su cuenta personal de&nbsp;<strong>Instagram<\/strong>&nbsp;acompa\u00f1ado de unos emoticones sonrientes.<\/p>\n\n\n\n<p><img loading=\"lazy\" decoding=\"async\" alt=\"La historia de Luka Jovic y Nemanja Gudelj en su perfil de Instagram\" height=\"3402\" width=\"1920\" class=\"\" src=\"https:\/\/cloudfront-us-east-1.images.arcpublishing.com\/infobae\/A7QQ3STODZFNLMLT3IEXIVG64A.png\" srcset=\"https:\/\/www.infobae.com\/new-resizer\/kw61PUtXc0XjET28k-EY8LXfiMw=\/420x747\/filters:format(webp):quality(85)\/cloudfront-us-east-1.images.arcpublishing.com\/infobae\/A7QQ3STODZFNLMLT3IEXIVG64A.png 420w,https:\/\/www.infobae.com\/new-resizer\/D6kSjUiVQZDQzLADNwikfINra_c=\/768x1365\/filters:format(webp):quality(85)\/cloudfront-us-east-1.images.arcpublishing.com\/infobae\/A7QQ3STODZFNLMLT3IEXIVG64A.png 768w,https:\/\/www.infobae.com\/new-resizer\/FhDHkoc4rjjbP1pVhgCaTlZzszY=\/992x1764\/filters:format(webp):quality(85)\/cloudfront-us-east-1.images.arcpublishing.com\/infobae\/A7QQ3STODZFNLMLT3IEXIVG64A.png 992w,https:\/\/www.infobae.com\/new-resizer\/I-Yrl7xokbirT7ePE-WCkuybcHs=\/1200x2133\/filters:format(webp):quality(85)\/cloudfront-us-east-1.images.arcpublishing.com\/infobae\/A7QQ3STODZFNLMLT3IEXIVG64A.png 1200w\">La historia de Luka Jovic y Nemanja Gudelj en su perfil de Instagram<\/p>\n\n\n\n<p>Al igual que este \u00faltimo caso,&nbsp;<strong>Predrag<\/strong>&nbsp;y&nbsp;<strong>Ana Rajkovic<\/strong>&nbsp;utilizaron sus redes sociales para dar cuenta de que se tienen un cari\u00f1o mutuo porque la mujer subi\u00f3 un video acariciando al futbolista, quien reposte\u00f3 el contenido en su perfil oficial en una clara muestra de afecto hac\u00eda su esposa.<\/p>\n\n\n\n<p><img loading=\"lazy\" decoding=\"async\" alt=\"Predrag y Ana Rajkovic se mostraron muy cari\u00f1osos despu\u00e9s de los rumores de infidelidad\" height=\"3470\" width=\"1920\" class=\"\" src=\"https:\/\/cloudfront-us-east-1.images.arcpublishing.com\/infobae\/GUIIGF6UTNCWBL37Q4JBBT7JTM.png\" srcset=\"https:\/\/www.infobae.com\/new-resizer\/3M7KcmAkFrVLp1wFqaolOdAbqOI=\/420x747\/filters:format(webp):quality(85)\/cloudfront-us-east-1.images.arcpublishing.com\/infobae\/GUIIGF6UTNCWBL37Q4JBBT7JTM.png 420w,https:\/\/www.infobae.com\/new-resizer\/HpvOSljr_mEI338uTnQ9ZoP96sw=\/768x1365\/filters:format(webp):quality(85)\/cloudfront-us-east-1.images.arcpublishing.com\/infobae\/GUIIGF6UTNCWBL37Q4JBBT7JTM.png 768w,https:\/\/www.infobae.com\/new-resizer\/J796zgZmE-Hvd20xbora7Ly7C7s=\/992x1764\/filters:format(webp):quality(85)\/cloudfront-us-east-1.images.arcpublishing.com\/infobae\/GUIIGF6UTNCWBL37Q4JBBT7JTM.png 992w,https:\/\/www.infobae.com\/new-resizer\/IJ2g6V1fxslc9uHFlrKk3ZAD6ZE=\/1200x2133\/filters:format(webp):quality(85)\/cloudfront-us-east-1.images.arcpublishing.com\/infobae\/GUIIGF6UTNCWBL37Q4JBBT7JTM.png 1200w\">Predrag y Ana Rajkovic se mostraron muy cari\u00f1osos despu\u00e9s de los rumores de infidelidad<\/p>\n\n\n\n<p>Todas estas acciones obligaron a una desmentida por parte del periodista que desperdig\u00f3 esta informaci\u00f3n:&nbsp;<strong>\u201cAhora que Vlahovic lo ha negado y Jovic se ha burlado, eliminar\u00e9 los tweets anteriores de la actualizaci\u00f3n diaria que detallaban los rumores a los que aluden\u201d.<\/strong><a href=\"https:\/\/www.infobae.com\/america\/colombia\/2022\/11\/25\/jorge-luis-pinto-tecnico-del-deportivo-cali-resalto-la-labor-defensiva-de-serbia-y-advirtio-que-brasil-podria-sufrir-con-otros-equipos\/\" rel=\"noreferrer noopener\" target=\"_blank\"><\/a><\/p>\n\n\n\n<figure class=\"wp-block-image\"><a href=\"https:\/\/www.infobae.com\/america\/colombia\/2022\/11\/25\/jorge-luis-pinto-tecnico-del-deportivo-cali-resalto-la-labor-defensiva-de-serbia-y-advirtio-que-brasil-podria-sufrir-con-otros-equipos\/\" target=\"_blank\" rel=\"noreferrer noopener\"><img decoding=\"async\" src=\"https:\/\/cloudfront-us-east-1.images.arcpublishing.com\/infobae\/XL7GEL37UFHCDJ72E3HDSQJJOU.jpg\" alt=\"El entrenador colombiano analiz\u00f3 la victoria de Brasil ante Serbia. Foto: Captura de pantalla\"\/><\/a><\/figure>\n\n\n\n<p><\/p>\n\n\n\n<p><strong>Wilson<\/strong>&nbsp;se escud\u00f3 en las negativas por parte de todos los futbolistas implicados en este esc\u00e1ndalo para desactivar el rumor que \u00e9l mismo divulg\u00f3: \u201cSi hay m\u00e1s informaci\u00f3n al respecto, la anotar\u00e9, pero creo que&nbsp;<strong>es justo decir que el equipo ha negado en\u00e9rgica y claramente los asuntos que se alegaron\u201d<\/strong>.<\/p>\n\n\n\n<p>Luego de estos rumores que se desataron en torno a&nbsp;<strong>Jovic<\/strong>,&nbsp;<strong>Vlahovic<\/strong>,&nbsp;<strong>Rajkovic<\/strong>&nbsp;y&nbsp;<strong>Gudelj<\/strong>, el seleccionado serbio deber\u00e1 afrontar una final este viernes desde las 16 ante el conjunto helv\u00e9tico en el&nbsp;<em>Estadio 974<\/em>. Los dirigidos por&nbsp;<strong>Dragan Stojkovic<\/strong>&nbsp;est\u00e1n \u00faltimos en el Grupo G con un punto y se medir\u00e1n ante un equipo que est\u00e1 en la segunda colocaci\u00f3n con tres unidades. En ese cruce, deben ganar y esperar que&nbsp;<strong>Brasil<\/strong>&nbsp;no pierda ante&nbsp;<strong>Camer\u00fan<\/strong>&nbsp;para clasificar a la pr\u00f3xima instancia. De otra manera, comenzar\u00e1 a correr la diferencia de goles con el elenco africano para definir al segundo clasificado de la zona. La&nbsp;<em>Canarinha<\/em>&nbsp;ya logr\u00f3 su pasaje en la anterior jornada.<\/p>\n","protected":false},"excerpt":{"rendered":"<p>El \u201crumor\u201d fue divulgado por un periodista ingl\u00e9s y lleg\u00f3 hasta la conferencia previa al cruce contra Suiza por el Grupo G del Mundial Qatar 2022. La desmentida de la&hellip; <\/p>\n","protected":false},"author":1,"featured_media":24228,"comment_status":"closed","ping_status":"open","sticky":false,"template":"","format":"standard","meta":{"footnotes":""},"categories":[4],"tags":[],"class_list":["post-24227","post","type-post","status-publish","format-standard","has-post-thumbnail","hentry","category-deportes"],"_links":{"self":[{"href":"https:\/\/corrientesdetarde.com\/index.php\/wp-json\/wp\/v2\/posts\/24227","targetHints":{"allow":["GET"]}}],"collection":[{"href":"https:\/\/corrientesdetarde.com\/index.php\/wp-json\/wp\/v2\/posts"}],"about":[{"href":"https:\/\/corrientesdetarde.com\/index.php\/wp-json\/wp\/v2\/types\/post"}],"author":[{"embeddable":true,"href":"https:\/\/corrientesdetarde.com\/index.php\/wp-json\/wp\/v2\/users\/1"}],"replies":[{"embeddable":true,"href":"https:\/\/corrientesdetarde.com\/index.php\/wp-json\/wp\/v2\/comments?post=24227"}],"version-history":[{"count":1,"href":"https:\/\/corrientesdetarde.com\/index.php\/wp-json\/wp\/v2\/posts\/24227\/revisions"}],"predecessor-version":[{"id":24229,"href":"https:\/\/corrientesdetarde.com\/index.php\/wp-json\/wp\/v2\/posts\/24227\/revisions\/24229"}],"wp:featuredmedia":[{"embeddable":true,"href":"https:\/\/corrientesdetarde.com\/index.php\/wp-json\/wp\/v2\/media\/24228"}],"wp:attachment":[{"href":"https:\/\/corrientesdetarde.com\/index.php\/wp-json\/wp\/v2\/media?parent=24227"}],"wp:term":[{"taxonomy":"category","embeddable":true,"href":"https:\/\/corrientesdetarde.com\/index.php\/wp-json\/wp\/v2\/categories?post=24227"},{"taxonomy":"post_tag","embeddable":true,"href":"https:\/\/corrientesdetarde.com\/index.php\/wp-json\/wp\/v2\/tags?post=24227"}],"curies":[{"name":"wp","href":"https:\/\/api.w.org\/{rel}","templated":true}]}}