{"id":242351,"date":"2026-01-09T08:00:15","date_gmt":"2026-01-09T11:00:15","guid":{"rendered":"https:\/\/corrientesdetarde.com\/?p=242351"},"modified":"2026-01-09T08:00:20","modified_gmt":"2026-01-09T11:00:20","slug":"el-operativo-de-seguridad-por-la-festividad-del-gaucho-gil-se-desarrolla-con-normalidad","status":"publish","type":"post","link":"https:\/\/corrientesdetarde.com\/index.php\/policiales\/el-operativo-de-seguridad-por-la-festividad-del-gaucho-gil-se-desarrolla-con-normalidad\/","title":{"rendered":"El operativo de seguridad por la festividad del Gaucho Gil se desarrolla con normalidad"},"content":{"rendered":"\n<p>La Polic\u00eda de Corrientes, junto al Ministerio de Seguridad y la Jefatura de Polic\u00eda de la Provincia, destac\u00f3 el exitoso desarrollo del dispositivo especial de seguridad implementado con motivo de las festividades en honor al Gaucho Gil, el cual contin\u00faa ejecut\u00e1ndose conforme a lo planificado y sin registrarse, hasta el momento, novedades de inter\u00e9s en materia de seguridad.<\/p>\n\n\n\n<p>El operativo se despliega desde los d\u00edas previos al 8 de enero, fecha en la que se celebra la festividad del Gaucho Gil, y abarca no solo el santuario principal ubicado sobre la Ruta Nacional N\u00ba 123, en jurisdicci\u00f3n de la ciudad de Mercedes, Corrientes, sino tambi\u00e9n los distintos santuarios y lugares de celebraci\u00f3n distribuidos a lo largo del territorio provincial.<\/p>\n\n\n\n<p>De acuerdo con estimaciones realizadas por los organismos intervinientes, m\u00e1s de 300.000 personas han transitado por el predio y las zonas aleda\u00f1as durante las jornadas centrales de celebraci\u00f3n, lo que gener\u00f3 un importante movimiento vehicular y peatonal en la zona.<\/p>\n\n\n\n<p>Para el desarrollo del dispositivo se afect\u00f3 un total aproximado de 450 efectivos policiales, pertenecientes a diversas direcciones generales y unidades operativas, adem\u00e1s de un importante n\u00famero de m\u00f3viles policiales distribuidos estrat\u00e9gicamente en accesos, rutas y puntos de mayor concentraci\u00f3n de fieles.<\/p>\n\n\n\n<p>El plan integral de seguridad comprende tareas de prevenci\u00f3n, control, regulaci\u00f3n del tr\u00e1nsito, recorridas y presencia policial permanente, con el objetivo de evitar incidentes, preservar el orden p\u00fablico y garantizar el normal desarrollo de las actividades religiosas y culturales.<\/p>\n\n\n\n<p>Hasta el momento, y pese a la masiva concurrencia de devotos y personas que circulan por el lugar, el dispositivo se desarrolla con total normalidad, sin registrarse hechos de trascendencia vinculados a la seguridad ciudadana ni alteraciones del orden p\u00fablico.<\/p>\n","protected":false},"excerpt":{"rendered":"<p>La Polic\u00eda de Corrientes, junto al Ministerio de Seguridad y la Jefatura de Polic\u00eda de la Provincia, destac\u00f3 el exitoso desarrollo del dispositivo especial de seguridad implementado con motivo de&hellip; <\/p>\n","protected":false},"author":3,"featured_media":242358,"comment_status":"closed","ping_status":"open","sticky":false,"template":"","format":"standard","meta":{"footnotes":""},"categories":[33],"tags":[],"class_list":["post-242351","post","type-post","status-publish","format-standard","has-post-thumbnail","hentry","category-policiales"],"_links":{"self":[{"href":"https:\/\/corrientesdetarde.com\/index.php\/wp-json\/wp\/v2\/posts\/242351","targetHints":{"allow":["GET"]}}],"collection":[{"href":"https:\/\/corrientesdetarde.com\/index.php\/wp-json\/wp\/v2\/posts"}],"about":[{"href":"https:\/\/corrientesdetarde.com\/index.php\/wp-json\/wp\/v2\/types\/post"}],"author":[{"embeddable":true,"href":"https:\/\/corrientesdetarde.com\/index.php\/wp-json\/wp\/v2\/users\/3"}],"replies":[{"embeddable":true,"href":"https:\/\/corrientesdetarde.com\/index.php\/wp-json\/wp\/v2\/comments?post=242351"}],"version-history":[{"count":1,"href":"https:\/\/corrientesdetarde.com\/index.php\/wp-json\/wp\/v2\/posts\/242351\/revisions"}],"predecessor-version":[{"id":242359,"href":"https:\/\/corrientesdetarde.com\/index.php\/wp-json\/wp\/v2\/posts\/242351\/revisions\/242359"}],"wp:featuredmedia":[{"embeddable":true,"href":"https:\/\/corrientesdetarde.com\/index.php\/wp-json\/wp\/v2\/media\/242358"}],"wp:attachment":[{"href":"https:\/\/corrientesdetarde.com\/index.php\/wp-json\/wp\/v2\/media?parent=242351"}],"wp:term":[{"taxonomy":"category","embeddable":true,"href":"https:\/\/corrientesdetarde.com\/index.php\/wp-json\/wp\/v2\/categories?post=242351"},{"taxonomy":"post_tag","embeddable":true,"href":"https:\/\/corrientesdetarde.com\/index.php\/wp-json\/wp\/v2\/tags?post=242351"}],"curies":[{"name":"wp","href":"https:\/\/api.w.org\/{rel}","templated":true}]}}