{"id":24251,"date":"2022-12-01T09:00:40","date_gmt":"2022-12-01T12:00:40","guid":{"rendered":"https:\/\/corrientesdetarde.com\/?p=24251"},"modified":"2022-12-01T09:00:44","modified_gmt":"2022-12-01T12:00:44","slug":"corrientes-ya-tiene-presupuesto-para-el-2023-505-mil-millones-y-permiso-para-un-credito","status":"publish","type":"post","link":"https:\/\/corrientesdetarde.com\/index.php\/politica\/corrientes-ya-tiene-presupuesto-para-el-2023-505-mil-millones-y-permiso-para-un-credito\/","title":{"rendered":"Corrientes ya tiene Presupuesto para el 2023: 505 mil millones y permiso para un cr\u00e9dito"},"content":{"rendered":"\n<p>La C\u00e1mara Alta ayer en sesi\u00f3n especial aprob\u00f3 la Ley de Leyes de \u00a0Corrientes. El proyecto, que se vot\u00f3 de manera nominal y en general, obtuvo once votos positivos y cuatro negativos, siendo aprobado por los dos tercios de la C\u00e1mara.\u00a0<\/p>\n\n\n\n<p>En &nbsp;sesi\u00f3n ordinaria es Ley el Presupuesto General de la Provincia Ejercicio 2023, fue aprobado ayer por la C\u00e1mara de Senadores. El proyecto, que se vot\u00f3 de manera nominal y en general, obtuvo once votos positivos y cuatro negativos de la oposici\u00f3n que reclam\u00f3 montos en algunas partidas y mayor claridad en algunos conceptos.<\/p>\n\n\n\n<p>En una sesi\u00f3n que estaba programada para las 9, pero que inici\u00f3 cerca de las 11.30, ayer los senadores avanzaron con el tratamiento del proyecto de Presupuesto Provincial 2023 por $505.917.400.562,25 que adem\u00e1s contempla un aval para cr\u00e9dito internacional para obras de infraestructura. &#8220;Es un art\u00edculo que se pone en busca de un cr\u00e9dito externo a tasa beneficiosa. Cada a\u00f1o lo ponemos y hasta ahora no lo hemos ocupado&#8221;, dijo el ministro Rivas Piasantini a El Litoral-<\/p>\n\n\n\n<p>En este marco, el debate lo inici\u00f3 el senador Noel Breard que compar\u00f3 los n\u00fameros nacionales con los provinciales destacando la gesti\u00f3n del Gobierno Provincial y remarcando algunas \u00e1reas como la Salud en Corrientes.<\/p>\n\n\n\n<p>Seguidamente el senador Martin Barrionuevo volvi\u00f3 a apuntar a la inversi\u00f3n de la Provincia en materia salarial y con gr\u00e1fico en mano brind\u00f3 algunos n\u00fameros. &nbsp;Tambi\u00e9n reclam\u00f3 los detalles de la planta de personal.&nbsp;<\/p>\n\n\n\n<p>Reclam\u00f3 que en el presupuesto no haya detalles del nuevo proyecto que se realizar\u00e1 en la ex Unidad 1.<\/p>\n\n\n\n<p>Pidi\u00f3 una clasificaci\u00f3n geogr\u00e1fica del gobierno en cada municipio y cuestion\u00f3 la inversi\u00f3n de viviendas y los fondos asignados a algunas \u00e1reas frente a otras que a su consideraci\u00f3n son de mayor relevancia. &nbsp;<\/p>\n\n\n\n<p>&#8220;Se esconde la informaci\u00f3n y la discrecionalidad&#8221;, asegur\u00f3.&nbsp;<\/p>\n\n\n\n<p>Seguidamente, el senador Di\u00f3genes Gonz\u00e1lez brind\u00f3 algunos n\u00fameros ante los reclamos de Barrionuevo destacando la inversi\u00f3n salarial frente a los salarios nacionales.&nbsp;<\/p>\n\n\n\n<p>Hizo alusi\u00f3n a la dificultad que implica manejar una provincia en medio de la crisis econ\u00f3mica y social.&nbsp;<\/p>\n\n\n\n<p>&#8220;Un presupuesto no es m\u00e1s que una decisi\u00f3n pol\u00edtica de c\u00f3mo el Gobierno va a gestionar y disponer de los fondos p\u00fablicos&#8221;, dijo el legislador Sergio Flinta apelando a hacer valer los n\u00fameros &#8220;por tener gestiones que le imprimieron dinamismos propuestos, en definitiva, a futuro&#8221;.<\/p>\n\n\n\n<p>A su turno el legislador Pitin Arag\u00f3n (PJ) tambi\u00e9n explic\u00f3 algunos n\u00fameros y pidi\u00f3 previsi\u00f3n en materia de medioambiente, apunt\u00f3 contra la inversi\u00f3n salarial y la pol\u00edtica de educaci\u00f3n del gobierno provincial.&nbsp;<\/p>\n\n\n\n<p>Tambi\u00e9n se refiri\u00f3 a la dif\u00edcil situaci\u00f3n econ\u00f3mica y critic\u00f3 la pol\u00edtica nacional &#8220;instinto de supervivencia&#8221;.<\/p>\n\n\n\n<p>&#8220;El presupuesto es una estimaci\u00f3n de c\u00e1lculos de ingresos y egresos&#8221;, dijo Colombi. Y sostuvo &#8220;que refleja la marcha del Gobierno a que \u00e1reas, qu\u00e9 programas. Tenemos que discutir mucho m\u00e1s all\u00e1 del presupuesto. Tenemos que discutir si somos un pa\u00eds federal &nbsp;y c\u00f3mo no va a haber inversi\u00f3n si no somos un pa\u00eds federal&#8221;.<\/p>\n\n\n\n<p>&#8220;Como pa\u00eds siempre tenemos la s\u00e1bana corta, el presupuesto lo vemos con el ojo que mejor tenemos para algunos puede ser positivo y otros negativo. El ejercicio del poder del gobierno es el que le va a dar el sentido al presupuesto&#8221;, destac\u00f3.<\/p>\n\n\n\n<p>Tras la aprobaci\u00f3n del Presupuesto Provincial, el Senador Flinta chicane\u00f3 a la oposici\u00f3n.<\/p>\n\n\n\n<p>&nbsp;En tanto, el presidente nato de la C\u00e1mara de Senadores, el vicegobernador de Corrientes expres\u00f3: &#8220;cada uno dijo lo que ten\u00eda que decir, los que se opusieron cumplen un papel de control en la sociedad&#8221;.&nbsp;<\/p>\n\n\n\n<p>Adem\u00e1s, calific\u00f3 de &#8220;positivo&#8221; el balance del a\u00f1o &#8220;se ha cumplido con todos los temas de importancia social, como la igualdad de g\u00e9nero en las candidaturas y el voto joven&#8221;.<\/p>\n\n\n\n<p>Proyecto<\/p>\n\n\n\n<p>El Presupuesto 2023 establece $2.000.000.000 como importe m\u00e1ximo de colocaci\u00f3n de Bonos de Consolidaci\u00f3n para la cancelaci\u00f3n voluntaria de obligaciones bajo las normas de dicho r\u00e9gimen.<\/p>\n\n\n\n<p>Solicita autorizaci\u00f3n para realizar operaciones de cr\u00e9dito p\u00fablico interno o externo por hasta la suma de $15.000.000.000. Tambi\u00e9n pide el aval para poder emitir Letras de Tesorer\u00eda hasta un monto de $1.000.000.000.<\/p>\n","protected":false},"excerpt":{"rendered":"<p>La C\u00e1mara Alta ayer en sesi\u00f3n especial aprob\u00f3 la Ley de Leyes de \u00a0Corrientes. El proyecto, que se vot\u00f3 de manera nominal y en general, obtuvo once votos positivos y&hellip; <\/p>\n","protected":false},"author":4,"featured_media":24252,"comment_status":"closed","ping_status":"open","sticky":false,"template":"","format":"standard","meta":{"footnotes":""},"categories":[3],"tags":[],"class_list":["post-24251","post","type-post","status-publish","format-standard","has-post-thumbnail","hentry","category-politica"],"_links":{"self":[{"href":"https:\/\/corrientesdetarde.com\/index.php\/wp-json\/wp\/v2\/posts\/24251","targetHints":{"allow":["GET"]}}],"collection":[{"href":"https:\/\/corrientesdetarde.com\/index.php\/wp-json\/wp\/v2\/posts"}],"about":[{"href":"https:\/\/corrientesdetarde.com\/index.php\/wp-json\/wp\/v2\/types\/post"}],"author":[{"embeddable":true,"href":"https:\/\/corrientesdetarde.com\/index.php\/wp-json\/wp\/v2\/users\/4"}],"replies":[{"embeddable":true,"href":"https:\/\/corrientesdetarde.com\/index.php\/wp-json\/wp\/v2\/comments?post=24251"}],"version-history":[{"count":1,"href":"https:\/\/corrientesdetarde.com\/index.php\/wp-json\/wp\/v2\/posts\/24251\/revisions"}],"predecessor-version":[{"id":24253,"href":"https:\/\/corrientesdetarde.com\/index.php\/wp-json\/wp\/v2\/posts\/24251\/revisions\/24253"}],"wp:featuredmedia":[{"embeddable":true,"href":"https:\/\/corrientesdetarde.com\/index.php\/wp-json\/wp\/v2\/media\/24252"}],"wp:attachment":[{"href":"https:\/\/corrientesdetarde.com\/index.php\/wp-json\/wp\/v2\/media?parent=24251"}],"wp:term":[{"taxonomy":"category","embeddable":true,"href":"https:\/\/corrientesdetarde.com\/index.php\/wp-json\/wp\/v2\/categories?post=24251"},{"taxonomy":"post_tag","embeddable":true,"href":"https:\/\/corrientesdetarde.com\/index.php\/wp-json\/wp\/v2\/tags?post=24251"}],"curies":[{"name":"wp","href":"https:\/\/api.w.org\/{rel}","templated":true}]}}