{"id":242603,"date":"2026-01-11T19:30:00","date_gmt":"2026-01-11T22:30:00","guid":{"rendered":"https:\/\/corrientesdetarde.com\/?p=242603"},"modified":"2026-01-11T19:59:33","modified_gmt":"2026-01-11T22:59:33","slug":"evangelina-anderson-conto-la-verdad-sobre-su-vinculo-con-ian-lucas","status":"publish","type":"post","link":"https:\/\/corrientesdetarde.com\/index.php\/espectaculos\/evangelina-anderson-conto-la-verdad-sobre-su-vinculo-con-ian-lucas\/","title":{"rendered":"Evangelina Anderson cont\u00f3 la verdad sobre su v\u00ednculo con Ian Lucas."},"content":{"rendered":"\n<h2 class=\"wp-block-heading\">La modelo sali\u00f3 al cruce de las versiones que circularon sobre su relaci\u00f3n con el influencer.<\/h2>\n\n\n\n<p><strong>Evangelina Anderson\u00a0<\/strong>sali\u00f3 al cruce luego de que en las \u00faltimas horas circularan rumores que indicaban que se hab\u00eda separado de<strong>\u00a0Ian Lucas<\/strong>. Cansada de los trascendidos, la modelo cont\u00f3 la\u00a0<strong>verdad\u00a0<\/strong>detr\u00e1s de su v\u00ednculo con \u00e9l.<\/p>\n\n\n\n<p>El revuelo se gener\u00f3 luego de que se instalara la noticia de que ambos hab\u00edan terminado su v\u00ednculo amoroso. Ante eso, la ex de Mart\u00edn Demichelis dej\u00f3 en claro que entre ellos<strong>&nbsp;nunca existi\u00f3 un noviazgo formal<\/strong>.<\/p>\n\n\n\n<p>En medio de los rumores, la modelo se encontr\u00f3 con una&nbsp;<strong>publicaci\u00f3n&nbsp;<\/strong>de Instagram de&nbsp;<em>PrimiciasYa<\/em>&nbsp;en la que se hablaba de esta supuesta separaci\u00f3n de Ian.<\/p>\n\n\n\n<figure class=\"wp-block-image\"><img decoding=\"async\" src=\"https:\/\/tn.com.ar\/resizer\/v2\/la-reaccion-de-evangelina-anderson-ante-la-noticia-de-que-se-separo-de-ian-lucas-foto-captura-instagramevangelinaanderson-primiciasya-5A7MWSRK5FCWLHYYTCPUPDHFPQ.jpg?auth=647f8f145fae03c0a919ede13db835bbc824550e15b2f739c90b4961f3d78877&amp;width=767\" alt=\"La reacci\u00f3n de Evangelina Anderson ante la noticia de que se &quot;separ\u00f3&quot; de Ian Lucas. (Foto: captura Instagram\/evangelinaanderson - primiciasya)\"\/><figcaption class=\"wp-element-caption\">La reacci\u00f3n de Evangelina Anderson ante la noticia de que se &#8220;separ\u00f3&#8221; de Ian Lucas. (Foto: captura Instagram\/evangelinaanderson &#8211; primiciasya)<\/figcaption><\/figure>\n\n\n\n<p><strong>\u201c\u00a1Ah! Nos separamos de un shippeo&#8221;<\/strong>, escribi\u00f3 Anderson en el posteo. De esa manera, con el t\u00e9rmino \u201cshippeo\u201d manifest\u00f3 que la relaci\u00f3n entre ello solo era un deseo de sus fans.<\/p>\n\n\n\n<p>Luego, escribi\u00f3 otro mensaje en el que fue m\u00e1s tajante: \u201c\u00bfEn d\u00f3nde&nbsp;<strong>contamos que ten\u00edamos alg\u00fan tipo de relaci\u00f3n&nbsp;<\/strong>como para separarnos? Jaja qu\u00e9 locura todo&#8221;.<\/p>\n\n\n\n<p>Por \u00faltimo, Evangelina neg\u00f3 por completo haber compartido tiempo con Ian Lucas en su hogar. \u201c<strong>Jam\u00e1s vino a mi casa<\/strong>, vivo con mis tres hijos\u201d, dijo por los nenes que tuvo con Mart\u00edn Demichelis.<\/p>\n\n\n\n<p>Si bien entre ellos&nbsp;<strong>intercambiaban mensajes rom\u00e1nticos&nbsp;<\/strong>en las redes, la modelo asegur\u00f3 que nunca existi\u00f3 una relaci\u00f3n amorosa con Ian Lucas. Por el contrario, todo se trat\u00f3 de una fascinaci\u00f3n de los espectadores de&nbsp;<em>MasterChef Celebrity (Telefe)<\/em>.<\/p>\n\n\n\n<h2 class=\"wp-block-heading\">La noticia que hizo estallar a Evangelina Anderson<\/h2>\n\n\n\n<p>El rumor de romance entre&nbsp;<strong>Evangelina Anderson<\/strong>&nbsp;y&nbsp;<strong>Ian Lucas<\/strong>&nbsp;explot\u00f3 durante su paso por&nbsp;<em><strong>MasterChef Celebrity (Telefe)<\/strong><\/em>, pero todo indica que la historia habr\u00eda llegado a su fin.<\/p>\n\n\n\n<p>\u201cMe cuentan desde el programa que se cort\u00f3 la onda entre ellos\u201d, coment\u00f3 el el periodista&nbsp;<strong>Guido Z\u00e1ffora<\/strong>, que reemplaza a Marina Calabr\u00f3 en&nbsp;<em>El Observador.&nbsp;<\/em>Seg\u00fan explic\u00f3, el motivo principal del cortocircuito fue la diferencia de perfiles: \u201c<strong>Ian no es medi\u00e1tico y Eva s\u00ed, y ah\u00ed estuvo el cortocircuito<\/strong>. Hay que buscar en las declaraciones de ella qu\u00e9 no le gustaron a \u00e9l\u201d.<\/p>\n\n\n\n<p>El v\u00ednculo entre la modelo y el influencer&nbsp;<strong>se aliment\u00f3 de rumores desde el inicio del reality<\/strong>. A fines de noviembre, los vieron muy cercanos y a los besos en un boliche, seg\u00fan un video que circul\u00f3 en redes sociales y comparti\u00f3 la cuenta \u201cEl Impacto\u201d.<\/p>\n\n\n\n<p>Mientras&nbsp;<strong>Ian Lucas<\/strong>&nbsp;lleg\u00f3 a decir que&nbsp;<strong>\u201cEvangelina es la mujer m\u00e1s linda del pa\u00eds\u201d<\/strong>, desde el entorno de Anderson siempre aclararon que \u201chab\u00eda mucha onda entre ellos\u201d, pero sin confirmar una relaci\u00f3n amorosa.<\/p>\n","protected":false},"excerpt":{"rendered":"<p>La modelo sali\u00f3 al cruce de las versiones que circularon sobre su relaci\u00f3n con el influencer. Evangelina Anderson\u00a0sali\u00f3 al cruce luego de que en las \u00faltimas horas circularan rumores que&hellip; <\/p>\n","protected":false},"author":6,"featured_media":242607,"comment_status":"closed","ping_status":"open","sticky":false,"template":"","format":"standard","meta":{"footnotes":""},"categories":[19],"tags":[],"class_list":["post-242603","post","type-post","status-publish","format-standard","has-post-thumbnail","hentry","category-espectaculos"],"_links":{"self":[{"href":"https:\/\/corrientesdetarde.com\/index.php\/wp-json\/wp\/v2\/posts\/242603","targetHints":{"allow":["GET"]}}],"collection":[{"href":"https:\/\/corrientesdetarde.com\/index.php\/wp-json\/wp\/v2\/posts"}],"about":[{"href":"https:\/\/corrientesdetarde.com\/index.php\/wp-json\/wp\/v2\/types\/post"}],"author":[{"embeddable":true,"href":"https:\/\/corrientesdetarde.com\/index.php\/wp-json\/wp\/v2\/users\/6"}],"replies":[{"embeddable":true,"href":"https:\/\/corrientesdetarde.com\/index.php\/wp-json\/wp\/v2\/comments?post=242603"}],"version-history":[{"count":1,"href":"https:\/\/corrientesdetarde.com\/index.php\/wp-json\/wp\/v2\/posts\/242603\/revisions"}],"predecessor-version":[{"id":242608,"href":"https:\/\/corrientesdetarde.com\/index.php\/wp-json\/wp\/v2\/posts\/242603\/revisions\/242608"}],"wp:featuredmedia":[{"embeddable":true,"href":"https:\/\/corrientesdetarde.com\/index.php\/wp-json\/wp\/v2\/media\/242607"}],"wp:attachment":[{"href":"https:\/\/corrientesdetarde.com\/index.php\/wp-json\/wp\/v2\/media?parent=242603"}],"wp:term":[{"taxonomy":"category","embeddable":true,"href":"https:\/\/corrientesdetarde.com\/index.php\/wp-json\/wp\/v2\/categories?post=242603"},{"taxonomy":"post_tag","embeddable":true,"href":"https:\/\/corrientesdetarde.com\/index.php\/wp-json\/wp\/v2\/tags?post=242603"}],"curies":[{"name":"wp","href":"https:\/\/api.w.org\/{rel}","templated":true}]}}