{"id":242609,"date":"2026-01-11T19:45:00","date_gmt":"2026-01-11T22:45:00","guid":{"rendered":"https:\/\/corrientesdetarde.com\/?p=242609"},"modified":"2026-01-11T20:01:56","modified_gmt":"2026-01-11T23:01:56","slug":"mataron-a-un-peluquero-argentino-en-un-tiroteo-en-un-bar-de-tulum","status":"publish","type":"post","link":"https:\/\/corrientesdetarde.com\/index.php\/internacionales\/mataron-a-un-peluquero-argentino-en-un-tiroteo-en-un-bar-de-tulum\/","title":{"rendered":"Mataron a un peluquero argentino en un tiroteo en un bar de Tulum."},"content":{"rendered":"\n<h2 class=\"wp-block-heading\">Se trata de un hombre de 37 a\u00f1os que estaba en un festival de m\u00fasica electr\u00f3nica en el cenote V\u00e9sica.<\/h2>\n\n\n\n<p><strong>Jonatan Emanuel Minucci<\/strong>, un peluquero argentino que viv\u00eda hac\u00eda unos meses en M\u00e9xico, fue asesinado en un tiroteo en un bar de Tulum.<\/p>\n\n\n\n<p>La v\u00edctima ten\u00eda 37 a\u00f1os y el violento episodio ocurri\u00f3 en la previa a un festival de m\u00fasica electr\u00f3nica en el cenote V\u00e9sica, en el estado de Quintana Roo.<\/p>\n\n\n\n<p>Seg\u00fan informaron medios locales, los atacantes&nbsp;<strong>llegaron en moto y abrieron fuego&nbsp;<\/strong>contra los trabajadores del evento, lo que gener\u00f3 p\u00e1nico entre los presentes. Testigos reportaron que hubo, al menos, ocho detonaciones de un arma cal\u00edbre 9 mil\u00edmetros.<\/p>\n\n\n\n<p>Como consecuencia del ataque,<strong>&nbsp;tres personas resultaron heridas<\/strong>, entre ellas, Minucci. De acuerdo a los primeros reportes, dos fueron trasladados de urgencia al Hospital General IMSS-Bienestar de Playa del Carmen, mientras que el tercero recibi\u00f3 atenci\u00f3n m\u00e9dica en el lugar.<\/p>\n\n\n\n<p>El hombre de 37 a\u00f1os recibi\u00f3 impactos de bala en el&nbsp;<strong>cuello, cara, brazos y pecho<\/strong>. Permaneci\u00f3 internado en estado grave y, pese a los esfuerzos del personal m\u00e9dico, muri\u00f3 horas m\u00e1s tarde.<\/p>\n\n\n\n<figure class=\"wp-block-image\"><img decoding=\"async\" src=\"https:\/\/tn.com.ar\/resizer\/v2\/jonatan-era-peluquero-y-se-habia-ido-a-tulum-en-noviembre-de-2025-foto-gentileza-aire-de-santa-fe-VKMPFUPC6ZFATLZCXCDDU6F2QY.jpg?auth=a8637944dd816e8fb561ff90f0bb1314a418a2d7f60b91d47f9b2eb3a7a6fdcc&amp;width=767\" alt=\"Jonatan era peluquero y se hab\u00eda ido a Tulum en noviembre de 2025. (Foto: Gentileza Aire de Santa Fe)\"\/><figcaption class=\"wp-element-caption\">Jonatan era peluquero y se hab\u00eda ido a Tulum en noviembre de 2025. (Foto: Gentileza Aire de Santa Fe)<\/figcaption><\/figure>\n\n\n\n<p>En el mismo ataque resultaron heridos&nbsp;<strong>Deyran de Jes\u00fas \u201cN\u201d<\/strong>, de 30 a\u00f1os, y<strong>&nbsp;Sa\u00fal \u201cN\u201d<\/strong>, de 34 a\u00f1os, empleado federal residente en Ciudad de M\u00e9xico. Ambos est\u00e1n bajo observaci\u00f3n m\u00e9dica.<\/p>\n\n\n\n<p>El consulado argentino en M\u00e9xico ya fue notificado para iniciar los tr\u00e1mites de repatriaci\u00f3n y brindar asistencia a la familia.<\/p>\n\n\n\n<p>\u201cLa log\u00edstica es muy costosa y nos excede.&nbsp;<strong>Necesitamos de la ayuda de todos ustedes<\/strong>: amigos, conocidos, clientes y cada persona donde seguramente mi hermano dej\u00f3 una huella de cari\u00f1o\u201d, manifestaron sus familiares en un comunicado p\u00fablico y difundieron el alias para colaborar: JONA.REGRESO.ARG \/ CVU: 0000003100041824436446 (titular Jaquelina Estefan\u00eda Minucci).<\/p>\n\n\n\n<p>Minucci era de Fray Luis Beltr\u00e1n, Santa Fe, y se hab\u00eda mudado a Tulum en noviembre de 2025 para aprovechar el trabajo durante la temporada con la idea de juntar dinero. Ten\u00eda pensado regresar a la Argentina en febrero porque iba a ser padre.<\/p>\n\n\n\n<p>Hasta el momento, las autoridades mexicanas no informaron personas detenidas ni dieron detalles del m\u00f3vil del hecho. Se trata del segundo hecho violento vinculado a eventos tur\u00edsticos en menos de 48 horas en la regi\u00f3n, lo que encendi\u00f3 alertas sobre la seguridad en zonas de alto flujo de visitantes.<\/p>\n","protected":false},"excerpt":{"rendered":"<p>Se trata de un hombre de 37 a\u00f1os que estaba en un festival de m\u00fasica electr\u00f3nica en el cenote V\u00e9sica. Jonatan Emanuel Minucci, un peluquero argentino que viv\u00eda hac\u00eda unos&hellip; <\/p>\n","protected":false},"author":6,"featured_media":242611,"comment_status":"closed","ping_status":"open","sticky":false,"template":"","format":"standard","meta":{"footnotes":""},"categories":[11],"tags":[],"class_list":["post-242609","post","type-post","status-publish","format-standard","has-post-thumbnail","hentry","category-internacionales"],"_links":{"self":[{"href":"https:\/\/corrientesdetarde.com\/index.php\/wp-json\/wp\/v2\/posts\/242609","targetHints":{"allow":["GET"]}}],"collection":[{"href":"https:\/\/corrientesdetarde.com\/index.php\/wp-json\/wp\/v2\/posts"}],"about":[{"href":"https:\/\/corrientesdetarde.com\/index.php\/wp-json\/wp\/v2\/types\/post"}],"author":[{"embeddable":true,"href":"https:\/\/corrientesdetarde.com\/index.php\/wp-json\/wp\/v2\/users\/6"}],"replies":[{"embeddable":true,"href":"https:\/\/corrientesdetarde.com\/index.php\/wp-json\/wp\/v2\/comments?post=242609"}],"version-history":[{"count":1,"href":"https:\/\/corrientesdetarde.com\/index.php\/wp-json\/wp\/v2\/posts\/242609\/revisions"}],"predecessor-version":[{"id":242612,"href":"https:\/\/corrientesdetarde.com\/index.php\/wp-json\/wp\/v2\/posts\/242609\/revisions\/242612"}],"wp:featuredmedia":[{"embeddable":true,"href":"https:\/\/corrientesdetarde.com\/index.php\/wp-json\/wp\/v2\/media\/242611"}],"wp:attachment":[{"href":"https:\/\/corrientesdetarde.com\/index.php\/wp-json\/wp\/v2\/media?parent=242609"}],"wp:term":[{"taxonomy":"category","embeddable":true,"href":"https:\/\/corrientesdetarde.com\/index.php\/wp-json\/wp\/v2\/categories?post=242609"},{"taxonomy":"post_tag","embeddable":true,"href":"https:\/\/corrientesdetarde.com\/index.php\/wp-json\/wp\/v2\/tags?post=242609"}],"curies":[{"name":"wp","href":"https:\/\/api.w.org\/{rel}","templated":true}]}}