{"id":24261,"date":"2022-12-01T09:54:24","date_gmt":"2022-12-01T12:54:24","guid":{"rendered":"https:\/\/corrientesdetarde.com\/?p=24261"},"modified":"2022-12-01T09:54:28","modified_gmt":"2022-12-01T12:54:28","slug":"se-viene-un-nuevo-aumento-en-la-tarifa-de-los-remises","status":"publish","type":"post","link":"https:\/\/corrientesdetarde.com\/index.php\/informacion-general\/se-viene-un-nuevo-aumento-en-la-tarifa-de-los-remises\/","title":{"rendered":"Se viene un nuevo aumento en la t\u00e1rifa de los remises"},"content":{"rendered":"\n<p>El incremento se aplicar\u00eda en los pr\u00f3ximos d\u00edas. En la actualidad la t\u00e1rifa m\u00ednima tiene un valor de 230 pesos.<\/p>\n\n\n\n<p>El presidente de la Asociaci\u00f3n de Remiseros de Corrientes, Juan Castillo, asegur\u00f3 que para este mes de diciembre se concretar\u00e1 un nuevo incremento en la tarifa m\u00ednima de los remises, aunque no defini\u00f3 a\u00fan el costo de la actualizaci\u00f3n. &#8220;Va a ser una correcci\u00f3n leve y no vamos a trasladar todos los incrementos a la tarifa&#8221;, afirm\u00f3.<\/p>\n\n\n\n<p>Y luego agreg\u00f3 que &#8220;ven\u00edamos conversando en la posibilidad de una correcci\u00f3n y seguramente con esta situaci\u00f3n buscaremos rever los porcentuales y buscar un nuevo consenso para tener una tarifica uniforme&#8221;.&nbsp;<\/p>\n\n\n\n<p>A su vez, dijo que el nuevo aumento empezar\u00eda a regir en los pr\u00f3ximos d\u00edas.<\/p>\n\n\n\n<p>Castillo, en comunicaci\u00f3n con Radio Dos, tambi\u00e9n se refiri\u00f3 a la demanda y escases de remises. &#8220;La escases de veh\u00edculos tiene que ver con una cuesti\u00f3n de rentabilidad y esto viene desde hace un tiempo atr\u00e1s, y se viene agravando. En cuanto a la demanda viene siendo estable afortunadamente&#8221;, valor\u00f3.<\/p>\n\n\n\n<p>&nbsp;En la actualidad, la tarifa m\u00ednima de un remis cuesta 230 pesos. Este precio rige desde el 1 de septiembre cuando se hab\u00eda dado la \u00faltima actualizaci\u00f3n en sus valores.&nbsp;<\/p>\n","protected":false},"excerpt":{"rendered":"<p>El incremento se aplicar\u00eda en los pr\u00f3ximos d\u00edas. En la actualidad la t\u00e1rifa m\u00ednima tiene un valor de 230 pesos. El presidente de la Asociaci\u00f3n de Remiseros de Corrientes, Juan&hellip; <\/p>\n","protected":false},"author":4,"featured_media":24269,"comment_status":"closed","ping_status":"open","sticky":false,"template":"","format":"standard","meta":{"footnotes":""},"categories":[1],"tags":[],"class_list":["post-24261","post","type-post","status-publish","format-standard","has-post-thumbnail","hentry","category-informacion-general"],"_links":{"self":[{"href":"https:\/\/corrientesdetarde.com\/index.php\/wp-json\/wp\/v2\/posts\/24261","targetHints":{"allow":["GET"]}}],"collection":[{"href":"https:\/\/corrientesdetarde.com\/index.php\/wp-json\/wp\/v2\/posts"}],"about":[{"href":"https:\/\/corrientesdetarde.com\/index.php\/wp-json\/wp\/v2\/types\/post"}],"author":[{"embeddable":true,"href":"https:\/\/corrientesdetarde.com\/index.php\/wp-json\/wp\/v2\/users\/4"}],"replies":[{"embeddable":true,"href":"https:\/\/corrientesdetarde.com\/index.php\/wp-json\/wp\/v2\/comments?post=24261"}],"version-history":[{"count":1,"href":"https:\/\/corrientesdetarde.com\/index.php\/wp-json\/wp\/v2\/posts\/24261\/revisions"}],"predecessor-version":[{"id":24270,"href":"https:\/\/corrientesdetarde.com\/index.php\/wp-json\/wp\/v2\/posts\/24261\/revisions\/24270"}],"wp:featuredmedia":[{"embeddable":true,"href":"https:\/\/corrientesdetarde.com\/index.php\/wp-json\/wp\/v2\/media\/24269"}],"wp:attachment":[{"href":"https:\/\/corrientesdetarde.com\/index.php\/wp-json\/wp\/v2\/media?parent=24261"}],"wp:term":[{"taxonomy":"category","embeddable":true,"href":"https:\/\/corrientesdetarde.com\/index.php\/wp-json\/wp\/v2\/categories?post=24261"},{"taxonomy":"post_tag","embeddable":true,"href":"https:\/\/corrientesdetarde.com\/index.php\/wp-json\/wp\/v2\/tags?post=24261"}],"curies":[{"name":"wp","href":"https:\/\/api.w.org\/{rel}","templated":true}]}}