{"id":242616,"date":"2026-01-11T20:00:00","date_gmt":"2026-01-11T23:00:00","guid":{"rendered":"https:\/\/corrientesdetarde.com\/?p=242616"},"modified":"2026-01-11T20:10:42","modified_gmt":"2026-01-11T23:10:42","slug":"los-hermanos-benavides-hicieron-historia-en-el-dakar","status":"publish","type":"post","link":"https:\/\/corrientesdetarde.com\/index.php\/deportes\/los-hermanos-benavides-hicieron-historia-en-el-dakar\/","title":{"rendered":"Los hermanos Benavides hicieron historia en el Dakar."},"content":{"rendered":"\n<h2 class=\"wp-block-heading\">El piloto argentino se impuso en la categor\u00eda Challenger de autos. Luciano, en tanto, gan\u00f3 la etapa 7 de motos.<\/h2>\n\n\n\n<p>Los\u00a0argentinos<strong>\u00a0Kevin y Luciano Benavides<\/strong> alcanzaron una marca hist\u00f3rica este domingo en el<strong>\u00a0Rally Dakar<\/strong>: se convirtieron en los\u00a0<strong>primeros hermanos en ganar en una misma etapa<\/strong>, en las diferentes categor\u00edas en las que compiten. Por eso, el piloto de la divisi\u00f3n Challenger de autos hizo un\u00a0<strong>sentido posteo para mostrar su emoci\u00f3n.<\/strong><\/p>\n\n\n\n<p>\u201cHoy hicimos HISTORIA!! Somos los primeros Hermanos en ganar una etapa en dos Categor\u00edas distintas del Dakar, Luciano Benavides.&nbsp;<strong>Ni en los mejores sue\u00f1os planeamos un d\u00eda as\u00ed<\/strong>\u201c, escribi\u00f3 Kevin en su cuenta de X (ex-Twitter).<\/p>\n\n\n\n<p>En Instagram, en tanto, agreg\u00f3 una menci\u00f3n para su copiloto y otra para&nbsp;<strong>Jerem\u00edas Gonz\u00e1lez Ferioli<\/strong>,&nbsp;<strong>el otro argentino que gan\u00f3 en la etapa 7<\/strong>, m\u00e1s precisamente en la categor\u00eda&nbsp;<strong>SSV T4.<\/strong><\/p>\n\n\n\n<figure class=\"wp-block-image\"><img decoding=\"async\" src=\"https:\/\/tn.com.ar\/resizer\/v2\/el-festejo-de-los-hermanos-benavides-foto-igkevinmaxbenavides-AAXROUZRRFAOZEYEEO4BZHGZJU.jpg?auth=b57892c6641bd218f4614c6f202c2a9a305cd52f4f1dbd988cf3f4eaacd76306&amp;width=767\" alt=\"El festejo de los hermanos Benavides (Foto: IG\/@kevinmaxbenavides)\"\/><figcaption class=\"wp-element-caption\">El festejo de los hermanos Benavides (Foto: IG\/@kevinmaxbenavides)<\/figcaption><\/figure>\n\n\n\n<p>\u201cTres argentinos ganando una misma etapa en distintas categor\u00edas. \u00a1Vamos Argentina!\u201c, cerr\u00f3 el piloto de 37 a\u00f1os desde Arabia Saudita.<\/p>\n\n\n\n<p>Kevin fue ganador en la m\u00e1xima categor\u00eda de motos en las ediciones de 2021 y 2023 del Rally Dakar. Este a\u00f1o, despu\u00e9s del\u00a0accidente que tuvo en 2024, se pas\u00f3 al Challenger de autos y este domingo logr\u00f3 su primera victoria en una etapa. Luciano, en tanto, tiene 30 a\u00f1os y corre en motos.<\/p>\n\n\n\n<p>Tras los festejos, Kevin y Luciano se preparan para la<strong>&nbsp;etapa ocho, que ser\u00e1 la m\u00e1s larga de la carrera con 481 kil\u00f3metros.<\/strong>&nbsp;Se trata de un bucle fuera de Wadi ad-Dawasir con mesetas y ca\u00f1ones.<\/p>\n\n\n\n<h2 class=\"wp-block-heading\">El saludo de Franco Colapinto para los hermanos Benavides<\/h2>\n\n\n\n<p><strong>Colapinto<\/strong>, uno de los argentinos que son<strong>&nbsp;referentes en el deporte mundial,<\/strong>&nbsp;coment\u00f3 una de las publicaciones que los hermanos hicieron en conjunto.<\/p>\n\n\n\n<figure class=\"wp-block-image\"><img decoding=\"async\" src=\"https:\/\/tn.com.ar\/resizer\/v2\/el-mensaje-de-franco-colapinto-para-los-hermanos-benavides-captura-iglbenavides77-y-kevinmaxbenavides-BGKZFH753RCVFGSMN5HQVWTG2Y.png?auth=0ced3d1e39738d289057b0674e08115877669cb771dcccd0f9f2aa569d961ded&amp;width=767\" alt=\"El mensaje de Franco Colapinto para los hermanos Benavides (Captura IG\/@l.benavides77 y @kevinmaxbenavides)\"\/><figcaption class=\"wp-element-caption\">El mensaje de Franco Colapinto para los hermanos Benavides (Captura IG\/@l.benavides77 y @kevinmaxbenavides)<\/figcaption><\/figure>\n\n\n\n<p><strong>\u201cQu\u00e9 bestias ustedes dos, no cualquier familia mete doble P1\u2033<\/strong>, comenz\u00f3 Colapinto en su mensaje de&nbsp;<strong>felicitaciones<\/strong>&nbsp;a los hermanos Benavides. El comentario cerr\u00f3 con una&nbsp;<strong>frase divertida: \u201cLindos genes les tocaron\u201d.<\/strong><\/p>\n","protected":false},"excerpt":{"rendered":"<p>El piloto argentino se impuso en la categor\u00eda Challenger de autos. Luciano, en tanto, gan\u00f3 la etapa 7 de motos. Los\u00a0argentinos\u00a0Kevin y Luciano Benavides alcanzaron una marca hist\u00f3rica este domingo&hellip; <\/p>\n","protected":false},"author":6,"featured_media":242622,"comment_status":"closed","ping_status":"open","sticky":false,"template":"","format":"standard","meta":{"footnotes":""},"categories":[4],"tags":[],"class_list":["post-242616","post","type-post","status-publish","format-standard","has-post-thumbnail","hentry","category-deportes"],"_links":{"self":[{"href":"https:\/\/corrientesdetarde.com\/index.php\/wp-json\/wp\/v2\/posts\/242616","targetHints":{"allow":["GET"]}}],"collection":[{"href":"https:\/\/corrientesdetarde.com\/index.php\/wp-json\/wp\/v2\/posts"}],"about":[{"href":"https:\/\/corrientesdetarde.com\/index.php\/wp-json\/wp\/v2\/types\/post"}],"author":[{"embeddable":true,"href":"https:\/\/corrientesdetarde.com\/index.php\/wp-json\/wp\/v2\/users\/6"}],"replies":[{"embeddable":true,"href":"https:\/\/corrientesdetarde.com\/index.php\/wp-json\/wp\/v2\/comments?post=242616"}],"version-history":[{"count":1,"href":"https:\/\/corrientesdetarde.com\/index.php\/wp-json\/wp\/v2\/posts\/242616\/revisions"}],"predecessor-version":[{"id":242623,"href":"https:\/\/corrientesdetarde.com\/index.php\/wp-json\/wp\/v2\/posts\/242616\/revisions\/242623"}],"wp:featuredmedia":[{"embeddable":true,"href":"https:\/\/corrientesdetarde.com\/index.php\/wp-json\/wp\/v2\/media\/242622"}],"wp:attachment":[{"href":"https:\/\/corrientesdetarde.com\/index.php\/wp-json\/wp\/v2\/media?parent=242616"}],"wp:term":[{"taxonomy":"category","embeddable":true,"href":"https:\/\/corrientesdetarde.com\/index.php\/wp-json\/wp\/v2\/categories?post=242616"},{"taxonomy":"post_tag","embeddable":true,"href":"https:\/\/corrientesdetarde.com\/index.php\/wp-json\/wp\/v2\/tags?post=242616"}],"curies":[{"name":"wp","href":"https:\/\/api.w.org\/{rel}","templated":true}]}}