{"id":24262,"date":"2022-12-01T09:46:00","date_gmt":"2022-12-01T12:46:00","guid":{"rendered":"https:\/\/corrientesdetarde.com\/?p=24262"},"modified":"2022-12-01T09:46:03","modified_gmt":"2022-12-01T12:46:03","slug":"inexplicable-la-arrocera-que-esta-secando-un-rio-en-corrientes-no-estaba-autorizada-para-funcionar","status":"publish","type":"post","link":"https:\/\/corrientesdetarde.com\/index.php\/crimen-y-justicia\/inexplicable-la-arrocera-que-esta-secando-un-rio-en-corrientes-no-estaba-autorizada-para-funcionar\/","title":{"rendered":"Inexplicable: La arrocera que est\u00e1 secando un r\u00edo en Corrientes no estaba autorizada para funcionar"},"content":{"rendered":"\n<p>&#8220;La firma se instal\u00f3 sin tener autorizaci\u00f3n alguna. No hay un control en esto. Uno no entiende c\u00f3mo se autoriza la utilizaci\u00f3n de agua en importantes cantidades sin tener en cuenta la sequ\u00eda&#8221;, dijo el doctor Gerardo Cabral, Fiscal Rural y Ambiental de Mercedes, al referirse a los recientes procedimientos realizados en el interior provincial, donde hay sectores del r\u00edo Miri\u00f1ay absolutamente seco por el trabajo irregular de arroceras.<\/p>\n\n\n\n<p>En el marco de una Investigaci\u00f3n llevada adelante por la Gendarmer\u00eda Nacional, Escuadr\u00f3n N\u00b07 de Paso de los Libes, en conjunto con la Fiscalia Rural y Ambiental a cargo del Dr. Gerardo Cabral, se realiz\u00f3 un allanamiento el d\u00eda jueves 24 de noviembre de 2022, en la Estancia Santa Victorina, propiedad de la familia Perazzo, en la que se constat\u00f3 la existencia de una arrocera.<\/p>\n\n\n\n<p>La misma, de acuerdo al fiscal Gerardo Cabral, es explotada por una firma de San Salvador Entre R\u00edos, Marcos Schmukler S.A.<\/p>\n\n\n\n<p>&#8220;No ten\u00edan autorizaci\u00f3n para trabajar. Hubo un manejo irracional del agua, y as\u00ed secaron el r\u00edo&#8221;, dijo<\/p>\n\n\n\n<p>La arrocera construy\u00f3 un terrapl\u00e9n sobre el rio Miri\u00f1ay que imped\u00eda el normal escurrimiento de las aguas, ocasionando a los campos aguas abajo innumerables inconvenientes, adem\u00e1s de destruir toda la biodiversidad del rio al dejarlo seco.<\/p>\n\n\n\n<p>La unidad Fiscal avanz\u00f3 la semana pr\u00f3xima con las imputaciones por los delitos de Usurpaci\u00f3n de Aguas previsto y penado por el art. 182 del C\u00f3digo Penal contra los responsables de este hecho delictivo.<\/p>\n\n\n\n<p>Adem\u00e1s de ello se eval\u00faa la posibilidad de un amparo ambiental para salvaguardar la vida acu\u00e1tica del Rio Miri\u00f1ay, que nos pertenece a todos y cumplir con la manda Constitucional de preservar nuestros recursos para nosotros y para las generaciones futuras.<\/p>\n\n\n\n<p>Este allanamiento lo orden\u00f3 el Dr. Martin Jos\u00e9 Vega, Juez de Garant\u00edas, dicha orden la dicto de manera urgente debido a la premura e importancia del caso.<\/p>\n\n\n\n<p><\/p>\n","protected":false},"excerpt":{"rendered":"<p>&#8220;La firma se instal\u00f3 sin tener autorizaci\u00f3n alguna. No hay un control en esto. Uno no entiende c\u00f3mo se autoriza la utilizaci\u00f3n de agua en importantes cantidades sin tener en&hellip; <\/p>\n","protected":false},"author":4,"featured_media":24263,"comment_status":"closed","ping_status":"open","sticky":false,"template":"","format":"standard","meta":{"footnotes":""},"categories":[5],"tags":[],"class_list":["post-24262","post","type-post","status-publish","format-standard","has-post-thumbnail","hentry","category-crimen-y-justicia"],"_links":{"self":[{"href":"https:\/\/corrientesdetarde.com\/index.php\/wp-json\/wp\/v2\/posts\/24262","targetHints":{"allow":["GET"]}}],"collection":[{"href":"https:\/\/corrientesdetarde.com\/index.php\/wp-json\/wp\/v2\/posts"}],"about":[{"href":"https:\/\/corrientesdetarde.com\/index.php\/wp-json\/wp\/v2\/types\/post"}],"author":[{"embeddable":true,"href":"https:\/\/corrientesdetarde.com\/index.php\/wp-json\/wp\/v2\/users\/4"}],"replies":[{"embeddable":true,"href":"https:\/\/corrientesdetarde.com\/index.php\/wp-json\/wp\/v2\/comments?post=24262"}],"version-history":[{"count":1,"href":"https:\/\/corrientesdetarde.com\/index.php\/wp-json\/wp\/v2\/posts\/24262\/revisions"}],"predecessor-version":[{"id":24264,"href":"https:\/\/corrientesdetarde.com\/index.php\/wp-json\/wp\/v2\/posts\/24262\/revisions\/24264"}],"wp:featuredmedia":[{"embeddable":true,"href":"https:\/\/corrientesdetarde.com\/index.php\/wp-json\/wp\/v2\/media\/24263"}],"wp:attachment":[{"href":"https:\/\/corrientesdetarde.com\/index.php\/wp-json\/wp\/v2\/media?parent=24262"}],"wp:term":[{"taxonomy":"category","embeddable":true,"href":"https:\/\/corrientesdetarde.com\/index.php\/wp-json\/wp\/v2\/categories?post=24262"},{"taxonomy":"post_tag","embeddable":true,"href":"https:\/\/corrientesdetarde.com\/index.php\/wp-json\/wp\/v2\/tags?post=24262"}],"curies":[{"name":"wp","href":"https:\/\/api.w.org\/{rel}","templated":true}]}}