{"id":242624,"date":"2026-01-11T20:00:00","date_gmt":"2026-01-11T23:00:00","guid":{"rendered":"https:\/\/corrientesdetarde.com\/?p=242624"},"modified":"2026-01-11T20:13:04","modified_gmt":"2026-01-11T23:13:04","slug":"detuvieron-a-tres-rugbiers-en-pinamar-por-agredir-a-un-grupo-de-jovenes","status":"publish","type":"post","link":"https:\/\/corrientesdetarde.com\/index.php\/policiales\/detuvieron-a-tres-rugbiers-en-pinamar-por-agredir-a-un-grupo-de-jovenes\/","title":{"rendered":"Detuvieron a tres rugbiers en Pinamar por agredir a un grupo de j\u00f3venes."},"content":{"rendered":"\n<h2 class=\"wp-block-heading\">Sucedi\u00f3 esta madrugada en la localidad de Ostende. Uno de los aprehendidos es menor de edad. Las agredidos debieron recibir asistencia m\u00e9dica. All\u00ed se constat\u00f3 que sufrieron hematomas y contusiones.<\/h2>\n\n\n\n<p><strong>Tres rugbiers&nbsp;<\/strong>fueron detenidos esta madrugada luego de&nbsp;<strong>protagonizar una agresi\u00f3n grupal en la calle&nbsp;<\/strong>contra otros tres j\u00f3venes en la localidad de&nbsp;<strong>Ostende<\/strong>, Pinamar.<\/p>\n\n\n\n<p>El violento hecho sucedi\u00f3 en la calle Almirante Brown, entre Avellaneda y Moreno, una zona tranquila donde hay casas para vacacionar.<\/p>\n\n\n\n<p>De acuerdo a fuentes oficiales, el episodio motiv\u00f3 la intervenci\u00f3n inmediata de personal policial tras un llamado al sistema de emergencias 911.<\/p>\n\n\n\n<p>Al llegar al lugar, efectivos de la Estaci\u00f3n de Polic\u00eda Comunal Pinamar II \u2013 Ostende, en conjunto con personal del Grupo de Apoyo Departamental (GAD), lograron reducir y aprehender a tres de los involucrados, que habr\u00edan&nbsp;<strong>participado activamente en el ataque<\/strong>.<\/p>\n\n\n\n<p>Seg\u00fan se inform\u00f3, los aprehendidos integraban&nbsp;<strong>un grupo numeroso&nbsp;<\/strong>que increp\u00f3 y atac\u00f3 a golpes a las v\u00edctimas en plena v\u00eda p\u00fablica. Hasta el momento se desconocen los motivos del hecho.<\/p>\n\n\n\n<p>Las chicos agredidos son todas mayores de edad y debieron recibir asistencia m\u00e9dica. All\u00ed se constat\u00f3 que sufrieron&nbsp;<strong>hematomas&nbsp;<\/strong>y&nbsp;<strong>contusiones<\/strong>, pero que no revest\u00edan riesgo para su salud.<\/p>\n\n\n\n<p>La causa fue caratulada como \u201clesiones leves\u201d y qued\u00f3 a cargo de la UFI N\u00b0 5 de Pinamar, con intervenci\u00f3n del Fuero de Responsabilidad Penal Juvenil, debido a que&nbsp;<strong>uno de los detenidos es menor de edad.<\/strong><\/p>\n\n\n\n<p>El fiscal interviniente aval\u00f3 el accionar policial y dispuso la adopci\u00f3n de los recaudos legales correspondientes, tanto para los imputados mayores como para el menor involucrado, conforme a la normativa vigente.<\/p>\n\n\n\n<p>El episodio se dio en el marco del Operativo Sol 2026, refuerzo de seguridad dispuesto durante la temporada de verano, con presencia permanente de fuerzas especiales en zonas de alta circulaci\u00f3n nocturna, como parte de los dispositivos de prevenci\u00f3n implementados en Pinamar.<\/p>\n","protected":false},"excerpt":{"rendered":"<p>Sucedi\u00f3 esta madrugada en la localidad de Ostende. Uno de los aprehendidos es menor de edad. Las agredidos debieron recibir asistencia m\u00e9dica. All\u00ed se constat\u00f3 que sufrieron hematomas y contusiones.&hellip; <\/p>\n","protected":false},"author":6,"featured_media":242626,"comment_status":"closed","ping_status":"open","sticky":false,"template":"","format":"standard","meta":{"footnotes":""},"categories":[33],"tags":[],"class_list":["post-242624","post","type-post","status-publish","format-standard","has-post-thumbnail","hentry","category-policiales"],"_links":{"self":[{"href":"https:\/\/corrientesdetarde.com\/index.php\/wp-json\/wp\/v2\/posts\/242624","targetHints":{"allow":["GET"]}}],"collection":[{"href":"https:\/\/corrientesdetarde.com\/index.php\/wp-json\/wp\/v2\/posts"}],"about":[{"href":"https:\/\/corrientesdetarde.com\/index.php\/wp-json\/wp\/v2\/types\/post"}],"author":[{"embeddable":true,"href":"https:\/\/corrientesdetarde.com\/index.php\/wp-json\/wp\/v2\/users\/6"}],"replies":[{"embeddable":true,"href":"https:\/\/corrientesdetarde.com\/index.php\/wp-json\/wp\/v2\/comments?post=242624"}],"version-history":[{"count":1,"href":"https:\/\/corrientesdetarde.com\/index.php\/wp-json\/wp\/v2\/posts\/242624\/revisions"}],"predecessor-version":[{"id":242627,"href":"https:\/\/corrientesdetarde.com\/index.php\/wp-json\/wp\/v2\/posts\/242624\/revisions\/242627"}],"wp:featuredmedia":[{"embeddable":true,"href":"https:\/\/corrientesdetarde.com\/index.php\/wp-json\/wp\/v2\/media\/242626"}],"wp:attachment":[{"href":"https:\/\/corrientesdetarde.com\/index.php\/wp-json\/wp\/v2\/media?parent=242624"}],"wp:term":[{"taxonomy":"category","embeddable":true,"href":"https:\/\/corrientesdetarde.com\/index.php\/wp-json\/wp\/v2\/categories?post=242624"},{"taxonomy":"post_tag","embeddable":true,"href":"https:\/\/corrientesdetarde.com\/index.php\/wp-json\/wp\/v2\/tags?post=242624"}],"curies":[{"name":"wp","href":"https:\/\/api.w.org\/{rel}","templated":true}]}}