{"id":242715,"date":"2026-01-12T19:46:37","date_gmt":"2026-01-12T22:46:37","guid":{"rendered":"https:\/\/corrientesdetarde.com\/?p=242715"},"modified":"2026-01-12T19:48:17","modified_gmt":"2026-01-12T22:48:17","slug":"partido-popular-corrientes-verano-popular-2026","status":"publish","type":"post","link":"https:\/\/corrientesdetarde.com\/index.php\/eventos\/partido-popular-corrientes-verano-popular-2026\/","title":{"rendered":"Partido Popular Corrientes: Verano popular 2026\u2600\ufe0f\ud83c\udfd6\ufe0f"},"content":{"rendered":"\n<p>Este jueves 15\/03, 11 hs. se realizar\u00e1 la conferencia de prensa de las actividades a realizarse este a\u00f1o del Partido Popular, en Casa partidaria, Espa\u00f1a esquina Belgrano.<\/p>\n\n\n\n<p>Como cada a\u00f1o, se realizar\u00e1 el lanzamiento del verano popular del <a href=\"https:\/\/www.instagram.com\/partidopopularppc\/\">@partidopopularppc<\/a>\ud83d\ude80\ud83e\udd29<\/p>\n\n\n\n<p>\u00bfCu\u00e1ndo?<br>\ud83d\uddd3\ufe0f Jueves 15 de enero, 11Hs.<br><\/p>\n\n\n\n<p>Vamos a disfrutar de tres semanas a puro juegos, bailes, deportes y actividades de recreaci\u00f3n para ni\u00f1os y adultos mayores \ud83e\udd38\ud83c\udffb\u200d\u2640\ufe0f<\/p>\n\n\n\n<div class=\"wp-block-group is-nowrap is-layout-flex wp-container-core-group-is-layout-ad2f72ca wp-block-group-is-layout-flex\">\n<figure class=\"wp-block-image size-large\"><img loading=\"lazy\" decoding=\"async\" width=\"683\" height=\"1024\" src=\"https:\/\/corrientesdetarde.com\/wp-content\/uploads\/2026\/01\/image-219-683x1024.png\" alt=\"\" class=\"wp-image-242716\"\/><\/figure>\n\n\n\n<figure class=\"wp-block-image size-large\"><img loading=\"lazy\" decoding=\"async\" width=\"683\" height=\"1024\" src=\"https:\/\/corrientesdetarde.com\/wp-content\/uploads\/2026\/01\/image-220-683x1024.png\" alt=\"\" class=\"wp-image-242717\" srcset=\"https:\/\/corrientesdetarde.com\/wp-content\/uploads\/2026\/01\/image-220-683x1024.png 683w, https:\/\/corrientesdetarde.com\/wp-content\/uploads\/2026\/01\/image-220-200x300.png 200w, https:\/\/corrientesdetarde.com\/wp-content\/uploads\/2026\/01\/image-220-768x1152.png 768w, https:\/\/corrientesdetarde.com\/wp-content\/uploads\/2026\/01\/image-220.png 1024w\" sizes=\"auto, (max-width: 683px) 100vw, 683px\" \/><\/figure>\n<\/div>\n\n\n<div class=\"wp-block-image\">\n<figure class=\"aligncenter size-large\"><img loading=\"lazy\" decoding=\"async\" width=\"819\" height=\"1024\" src=\"https:\/\/corrientesdetarde.com\/wp-content\/uploads\/2026\/01\/image-221-819x1024.png\" alt=\"\" class=\"wp-image-242718\" srcset=\"https:\/\/corrientesdetarde.com\/wp-content\/uploads\/2026\/01\/image-221-819x1024.png 819w, https:\/\/corrientesdetarde.com\/wp-content\/uploads\/2026\/01\/image-221-240x300.png 240w, https:\/\/corrientesdetarde.com\/wp-content\/uploads\/2026\/01\/image-221-768x961.png 768w, https:\/\/corrientesdetarde.com\/wp-content\/uploads\/2026\/01\/image-221-1228x1536.png 1228w, https:\/\/corrientesdetarde.com\/wp-content\/uploads\/2026\/01\/image-221.png 1279w\" sizes=\"auto, (max-width: 819px) 100vw, 819px\" \/><\/figure>\n<\/div>","protected":false},"excerpt":{"rendered":"<p>Este jueves 15\/03, 11 hs. se realizar\u00e1 la conferencia de prensa de las actividades a realizarse este a\u00f1o del Partido Popular, en Casa partidaria, Espa\u00f1a esquina Belgrano. Como cada a\u00f1o,&hellip; <\/p>\n","protected":false},"author":1,"featured_media":242716,"comment_status":"closed","ping_status":"open","sticky":false,"template":"","format":"standard","meta":{"footnotes":""},"categories":[22],"tags":[],"class_list":["post-242715","post","type-post","status-publish","format-standard","has-post-thumbnail","hentry","category-eventos"],"_links":{"self":[{"href":"https:\/\/corrientesdetarde.com\/index.php\/wp-json\/wp\/v2\/posts\/242715","targetHints":{"allow":["GET"]}}],"collection":[{"href":"https:\/\/corrientesdetarde.com\/index.php\/wp-json\/wp\/v2\/posts"}],"about":[{"href":"https:\/\/corrientesdetarde.com\/index.php\/wp-json\/wp\/v2\/types\/post"}],"author":[{"embeddable":true,"href":"https:\/\/corrientesdetarde.com\/index.php\/wp-json\/wp\/v2\/users\/1"}],"replies":[{"embeddable":true,"href":"https:\/\/corrientesdetarde.com\/index.php\/wp-json\/wp\/v2\/comments?post=242715"}],"version-history":[{"count":1,"href":"https:\/\/corrientesdetarde.com\/index.php\/wp-json\/wp\/v2\/posts\/242715\/revisions"}],"predecessor-version":[{"id":242719,"href":"https:\/\/corrientesdetarde.com\/index.php\/wp-json\/wp\/v2\/posts\/242715\/revisions\/242719"}],"wp:featuredmedia":[{"embeddable":true,"href":"https:\/\/corrientesdetarde.com\/index.php\/wp-json\/wp\/v2\/media\/242716"}],"wp:attachment":[{"href":"https:\/\/corrientesdetarde.com\/index.php\/wp-json\/wp\/v2\/media?parent=242715"}],"wp:term":[{"taxonomy":"category","embeddable":true,"href":"https:\/\/corrientesdetarde.com\/index.php\/wp-json\/wp\/v2\/categories?post=242715"},{"taxonomy":"post_tag","embeddable":true,"href":"https:\/\/corrientesdetarde.com\/index.php\/wp-json\/wp\/v2\/tags?post=242715"}],"curies":[{"name":"wp","href":"https:\/\/api.w.org\/{rel}","templated":true}]}}