{"id":242720,"date":"2026-01-12T19:52:15","date_gmt":"2026-01-12T22:52:15","guid":{"rendered":"https:\/\/corrientesdetarde.com\/?p=242720"},"modified":"2026-01-12T19:52:21","modified_gmt":"2026-01-12T22:52:21","slug":"choque-fatal-en-ruta-12","status":"publish","type":"post","link":"https:\/\/corrientesdetarde.com\/index.php\/policiales\/choque-fatal-en-ruta-12\/","title":{"rendered":"Choque fatal en Ruta 12."},"content":{"rendered":"\n<h2 class=\"wp-block-heading\">En horas de la siesta de este lunes, se registr\u00f3 un accidente fatal\u00a0sobre la Ruta Nacional N\u00ba 12,\u00a0 en la localidad de San Roque.\u00a0El siniestro ocurri\u00f3 a la altura del arroyo Ysusi.\u00a0En el hecho se vieron involucrados un\u00a0autom\u00f3vil y una motocicleta de alta cilindrada.\u00a0Hay una segunda persona internada en grave estado.<\/h2>\n\n\n\n<p>Segun confirmaron\u00a0<strong>fuentes policiales<\/strong>, el\u00a0tr\u00e1gico siniestro vial ocurri\u00f3 en\u00a0la tarde de este lunes a la localidad de San Roque. Alrededor de las 14:00 horas,\u00a0<strong>se produjo una violenta colisi\u00f3n sobre la Ruta Nacional N\u00b0 12,<\/strong>\u00a0<strong>en inmediaciones del arroyo Ysusi<\/strong>, que dej\u00f3 como saldo una persona fallecida y otra con heridas de gravedad.<\/p>\n\n\n\n<p>Por causas que todav\u00eda son materia de investigaci\u00f3n pericial, el choque se produjo entre un&nbsp;<strong>autom\u00f3vil Fiat Uno<\/strong>, que era conducido por un hombre de 43 a\u00f1os, y una motocicleta&nbsp;<strong>Yamaha FZ de 250cc<\/strong>, que era guiada por un joven de 18 a\u00f1os y su acompa\u00f1ante de 21, quien perdi\u00f3 la vida.<\/p>\n\n\n\n<p><strong>Debido al fuerte impacto, uno de los ocupantes de la motocicleta perdi\u00f3 la vida de manera instant\u00e1nea en el lugar del hecho.<\/strong>&nbsp;En tanto, la segunda persona que circulaba en el rodado menor result\u00f3 con&nbsp;<strong>lesiones severas<\/strong>&nbsp;y, tras recibir las primeras atenciones de urgencia, fue trasladada de inmediato al Hospital Escuela de la Ciudad de Corrientes para una atenci\u00f3n especializada.<\/p>\n\n\n\n<p>Efectivos policiales de la Comisar\u00eda de Distrito San Roque acudieron al sitio para&nbsp;<strong>resguardar la escena y ordenar el tr\u00e1nsito<\/strong>, que se vio afectado durante las primeras horas de la siesta.<\/p>\n\n\n\n<p>Bajo las \u00f3rdenes de la Unidad Fiscal en turno, los peritos realizaron las diligencias de rigor para determinar la mec\u00e1nica del accidente. Por el momento, las autoridades no han&nbsp;<strong>trascendido la identidad de la v\u00edctima fatal ni el estado actualizado del herido trasladado a la capital provincial.<\/strong><\/p>\n","protected":false},"excerpt":{"rendered":"<p>En horas de la siesta de este lunes, se registr\u00f3 un accidente fatal\u00a0sobre la Ruta Nacional N\u00ba 12,\u00a0 en la localidad de San Roque.\u00a0El siniestro ocurri\u00f3 a la altura del&hellip; <\/p>\n","protected":false},"author":6,"featured_media":242721,"comment_status":"closed","ping_status":"open","sticky":false,"template":"","format":"standard","meta":{"footnotes":""},"categories":[33],"tags":[],"class_list":["post-242720","post","type-post","status-publish","format-standard","has-post-thumbnail","hentry","category-policiales"],"_links":{"self":[{"href":"https:\/\/corrientesdetarde.com\/index.php\/wp-json\/wp\/v2\/posts\/242720","targetHints":{"allow":["GET"]}}],"collection":[{"href":"https:\/\/corrientesdetarde.com\/index.php\/wp-json\/wp\/v2\/posts"}],"about":[{"href":"https:\/\/corrientesdetarde.com\/index.php\/wp-json\/wp\/v2\/types\/post"}],"author":[{"embeddable":true,"href":"https:\/\/corrientesdetarde.com\/index.php\/wp-json\/wp\/v2\/users\/6"}],"replies":[{"embeddable":true,"href":"https:\/\/corrientesdetarde.com\/index.php\/wp-json\/wp\/v2\/comments?post=242720"}],"version-history":[{"count":1,"href":"https:\/\/corrientesdetarde.com\/index.php\/wp-json\/wp\/v2\/posts\/242720\/revisions"}],"predecessor-version":[{"id":242723,"href":"https:\/\/corrientesdetarde.com\/index.php\/wp-json\/wp\/v2\/posts\/242720\/revisions\/242723"}],"wp:featuredmedia":[{"embeddable":true,"href":"https:\/\/corrientesdetarde.com\/index.php\/wp-json\/wp\/v2\/media\/242721"}],"wp:attachment":[{"href":"https:\/\/corrientesdetarde.com\/index.php\/wp-json\/wp\/v2\/media?parent=242720"}],"wp:term":[{"taxonomy":"category","embeddable":true,"href":"https:\/\/corrientesdetarde.com\/index.php\/wp-json\/wp\/v2\/categories?post=242720"},{"taxonomy":"post_tag","embeddable":true,"href":"https:\/\/corrientesdetarde.com\/index.php\/wp-json\/wp\/v2\/tags?post=242720"}],"curies":[{"name":"wp","href":"https:\/\/api.w.org\/{rel}","templated":true}]}}