{"id":242722,"date":"2026-01-12T19:55:35","date_gmt":"2026-01-12T22:55:35","guid":{"rendered":"https:\/\/corrientesdetarde.com\/?p=242722"},"modified":"2026-01-12T19:55:43","modified_gmt":"2026-01-12T22:55:43","slug":"instalaran-un-vacunatorio-en-la-fiesta-nacional-del-chamame","status":"publish","type":"post","link":"https:\/\/corrientesdetarde.com\/index.php\/bienestar-y-salud\/instalaran-un-vacunatorio-en-la-fiesta-nacional-del-chamame\/","title":{"rendered":"Instalar\u00e1n un vacunatorio en la Fiesta Nacional del Chamam\u00e9."},"content":{"rendered":"\n<h2 class=\"wp-block-heading\">El ministro Lanari adelant\u00f3 la instalaci\u00f3n de un puesto de vacunaci\u00f3n en la Fiesta Nacional del Chamam\u00e9 y explic\u00f3 qu\u00e9 se est\u00e1 haciendo en las zonas afectadas por las lluvias.<\/h2>\n\n\n\n<p>El ministro de Salud P\u00fablica Emilio Lanari habl\u00f3 con Radio Sudamericana en referencia a la asistencia sanitaria en localidades del interior de Corrientes, afectadas por las lluvias e inundaciones. Coment\u00f3 que \u201cacompa\u00f1amos para ver cada una de las atenciones, teniendo en cuenta que a veces la situaci\u00f3n es aguda, pero pensando en lo que viene a largo plazo\u201d.<\/p>\n\n\n\n<p>Relat\u00f3 que se est\u00e1 trabajando con los evacuados y familias afectadas para entrega de medicamentos y controles. Record\u00f3 que se detectaron casos de dermatitis y estar\u00e1n atentos a enfermedades respiratorias o picaduras de alima\u00f1as. En este marco, adem\u00e1s de medicamentos, record\u00f3 la entrega de alimentos en las localidades de Mburucuy\u00e1, San Miguel y San Luis del Palmar.<\/p>\n\n\n\n<p>Record\u00f3 que en esta \u00faltima localidad se encuentra la mayor cantidad de evacuados y se entrega medicaci\u00f3n a pacientes con afecciones espec\u00edficas. Relat\u00f3 que se est\u00e1 trabajando en el refuerzo de partidas para el PLAMECOR, pero reiter\u00f3 que \u201cnos vamos a dedicar a la producci\u00f3n de los medicamentos b\u00e1sicos que podemos hacer\u201d.<\/p>\n\n\n\n<p><strong>Vacunaci\u00f3n en la FNCH<\/strong><\/p>\n\n\n\n<p>Por otro lado, explic\u00f3 que se est\u00e1 \u201canalizando\u201d los planes de vacunaci\u00f3n, adelantando que instalar\u00e1n un vacunatorio en la Fiesta Nacional del Chamam\u00e9. La intenci\u00f3n es concientizar, pero tambi\u00e9n aplicar vacunas contra la gripe y el dengue.<\/p>\n","protected":false},"excerpt":{"rendered":"<p>El ministro Lanari adelant\u00f3 la instalaci\u00f3n de un puesto de vacunaci\u00f3n en la Fiesta Nacional del Chamam\u00e9 y explic\u00f3 qu\u00e9 se est\u00e1 haciendo en las zonas afectadas por las lluvias.&hellip; <\/p>\n","protected":false},"author":6,"featured_media":242724,"comment_status":"closed","ping_status":"open","sticky":false,"template":"","format":"standard","meta":{"footnotes":""},"categories":[16],"tags":[],"class_list":["post-242722","post","type-post","status-publish","format-standard","has-post-thumbnail","hentry","category-bienestar-y-salud"],"_links":{"self":[{"href":"https:\/\/corrientesdetarde.com\/index.php\/wp-json\/wp\/v2\/posts\/242722","targetHints":{"allow":["GET"]}}],"collection":[{"href":"https:\/\/corrientesdetarde.com\/index.php\/wp-json\/wp\/v2\/posts"}],"about":[{"href":"https:\/\/corrientesdetarde.com\/index.php\/wp-json\/wp\/v2\/types\/post"}],"author":[{"embeddable":true,"href":"https:\/\/corrientesdetarde.com\/index.php\/wp-json\/wp\/v2\/users\/6"}],"replies":[{"embeddable":true,"href":"https:\/\/corrientesdetarde.com\/index.php\/wp-json\/wp\/v2\/comments?post=242722"}],"version-history":[{"count":1,"href":"https:\/\/corrientesdetarde.com\/index.php\/wp-json\/wp\/v2\/posts\/242722\/revisions"}],"predecessor-version":[{"id":242726,"href":"https:\/\/corrientesdetarde.com\/index.php\/wp-json\/wp\/v2\/posts\/242722\/revisions\/242726"}],"wp:featuredmedia":[{"embeddable":true,"href":"https:\/\/corrientesdetarde.com\/index.php\/wp-json\/wp\/v2\/media\/242724"}],"wp:attachment":[{"href":"https:\/\/corrientesdetarde.com\/index.php\/wp-json\/wp\/v2\/media?parent=242722"}],"wp:term":[{"taxonomy":"category","embeddable":true,"href":"https:\/\/corrientesdetarde.com\/index.php\/wp-json\/wp\/v2\/categories?post=242722"},{"taxonomy":"post_tag","embeddable":true,"href":"https:\/\/corrientesdetarde.com\/index.php\/wp-json\/wp\/v2\/tags?post=242722"}],"curies":[{"name":"wp","href":"https:\/\/api.w.org\/{rel}","templated":true}]}}