{"id":242725,"date":"2026-01-12T19:57:26","date_gmt":"2026-01-12T22:57:26","guid":{"rendered":"https:\/\/corrientesdetarde.com\/?p=242725"},"modified":"2026-01-12T19:57:32","modified_gmt":"2026-01-12T22:57:32","slug":"pescadores-hallaron-un-cuerpo-en-puerto-vilelas","status":"publish","type":"post","link":"https:\/\/corrientesdetarde.com\/index.php\/policiales\/pescadores-hallaron-un-cuerpo-en-puerto-vilelas\/","title":{"rendered":"Pescadores hallaron un cuerpo en Puerto Vilelas."},"content":{"rendered":"\n<h2 class=\"wp-block-heading\">El hallazgo fue hecho por un grupo de pescadores. De inmediato, dieron aviso a la comisar\u00eda local, quienes fueron al lugar y constataron lo informado.<\/h2>\n\n\n\n<p><strong>Este lunes a las 12 del mediod\u00eda\u00a0en el Paraje las 5 Bocas de la ciudad chaque\u00f1a de Puerto Vilelas,\u00a0hallaron el cuerpo de una persona mayor en el agua del r\u00edo Paran\u00e1.<\/strong><br>Personal policial se comision\u00f3 al Paraje, en virtud a que se tom\u00f3 conocimiento por parte de los pescadores de la zona.\u00a0<\/p>\n\n\n\n<p>Posteriormente se hizo presente personal de&nbsp;<strong>Patrulla Fluvial,&nbsp;trasladaron el cuerpo en una moto acu\u00e1tica de Prefectura Naval hacia el Paraje Tres Bocas<\/strong>&nbsp;e intersecci\u00f3n con R\u00edo Paran\u00e1&nbsp;<strong>(ya que los caminos de tierra se encuentran interrumpido).<\/strong><\/p>\n\n\n\n<figure class=\"wp-block-image\"><a href=\"https:\/\/www.radiosudamericana.com\/notix\/multimedia\/imagenes\/fotos\/2026-01-12\/751751.png\"><img decoding=\"async\" src=\"https:\/\/www.radiosudamericana.com\/notix\/multimedia\/imagenes\/fotos\/2026-01-12\/751751.png_nota.png\" alt=\"\"\/><\/a><\/figure>\n\n\n\n<p>Por directiva del Ayudante Fiscal se traslad\u00f3 el cuerpo hacia instalaciones del IMCIF para determinar identidad caratulando\u00a0<strong>&#8220;Muerte dudosa&#8221;.<\/strong><\/p>\n","protected":false},"excerpt":{"rendered":"<p>El hallazgo fue hecho por un grupo de pescadores. De inmediato, dieron aviso a la comisar\u00eda local, quienes fueron al lugar y constataron lo informado. Este lunes a las 12&hellip; <\/p>\n","protected":false},"author":6,"featured_media":242727,"comment_status":"closed","ping_status":"open","sticky":false,"template":"","format":"standard","meta":{"footnotes":""},"categories":[33],"tags":[],"class_list":["post-242725","post","type-post","status-publish","format-standard","has-post-thumbnail","hentry","category-policiales"],"_links":{"self":[{"href":"https:\/\/corrientesdetarde.com\/index.php\/wp-json\/wp\/v2\/posts\/242725","targetHints":{"allow":["GET"]}}],"collection":[{"href":"https:\/\/corrientesdetarde.com\/index.php\/wp-json\/wp\/v2\/posts"}],"about":[{"href":"https:\/\/corrientesdetarde.com\/index.php\/wp-json\/wp\/v2\/types\/post"}],"author":[{"embeddable":true,"href":"https:\/\/corrientesdetarde.com\/index.php\/wp-json\/wp\/v2\/users\/6"}],"replies":[{"embeddable":true,"href":"https:\/\/corrientesdetarde.com\/index.php\/wp-json\/wp\/v2\/comments?post=242725"}],"version-history":[{"count":1,"href":"https:\/\/corrientesdetarde.com\/index.php\/wp-json\/wp\/v2\/posts\/242725\/revisions"}],"predecessor-version":[{"id":242729,"href":"https:\/\/corrientesdetarde.com\/index.php\/wp-json\/wp\/v2\/posts\/242725\/revisions\/242729"}],"wp:featuredmedia":[{"embeddable":true,"href":"https:\/\/corrientesdetarde.com\/index.php\/wp-json\/wp\/v2\/media\/242727"}],"wp:attachment":[{"href":"https:\/\/corrientesdetarde.com\/index.php\/wp-json\/wp\/v2\/media?parent=242725"}],"wp:term":[{"taxonomy":"category","embeddable":true,"href":"https:\/\/corrientesdetarde.com\/index.php\/wp-json\/wp\/v2\/categories?post=242725"},{"taxonomy":"post_tag","embeddable":true,"href":"https:\/\/corrientesdetarde.com\/index.php\/wp-json\/wp\/v2\/tags?post=242725"}],"curies":[{"name":"wp","href":"https:\/\/api.w.org\/{rel}","templated":true}]}}