{"id":24273,"date":"2022-12-01T10:23:17","date_gmt":"2022-12-01T13:23:17","guid":{"rendered":"https:\/\/corrientesdetarde.com\/?p=24273"},"modified":"2022-12-01T10:31:10","modified_gmt":"2022-12-01T13:31:10","slug":"que-se-sabe-hasta-ahora-del-nino-que-hallaron-muerto-dentro-de-un-vehiculo-en-corrientes","status":"publish","type":"post","link":"https:\/\/corrientesdetarde.com\/index.php\/crimen-y-justicia\/que-se-sabe-hasta-ahora-del-nino-que-hallaron-muerto-dentro-de-un-vehiculo-en-corrientes\/","title":{"rendered":"Qu\u00e9 se sabe hasta ahora del ni\u00f1o que hallaron muerto dentro de un veh\u00edculo en Corrientes"},"content":{"rendered":"\n<p>La tragedia ocurri\u00f3 entre la siesta y la tarde, en horas del partido entre Argentina y Polonia. Al notar la ausencia del menor, su familia comenz\u00f3 a buscarlo, incluso hicieron publicaciones en redes sociales. Cuando lo encontraron ya era tarde.<\/p>\n\n\n\n<figure class=\"wp-block-embed is-type-video is-provider-youtube wp-block-embed-youtube wp-embed-aspect-16-9 wp-has-aspect-ratio\"><div class=\"wp-block-embed__wrapper\">\n<iframe loading=\"lazy\" title=\"Conmoci\u00f3n en Virasoro, encontraron muerto a un nene dentro de un auto: charlamos con Eduardo Aguirre\" width=\"1110\" height=\"624\" src=\"https:\/\/www.youtube.com\/embed\/lCanIN25EKA?feature=oembed\" frameborder=\"0\" allow=\"accelerometer; autoplay; clipboard-write; encrypted-media; gyroscope; picture-in-picture\" allowfullscreen><\/iframe>\n<\/div><\/figure>\n\n\n\n<p>Una tragedia conmocion\u00f3 la tarde de la ciudad de Virasoro este mi\u00e9rcoles cuando un ni\u00f1o de 4 a\u00f1os que estaba perdido fue hallado desvanecido dentro de una camioneta cerca de su casa. El menor fue llevado por su familia al Hospital Miguel Sussini, pero nada pudieron hacer all\u00ed para salvarlo.<\/p>\n\n\n\n<p>Seg\u00fan cont\u00f3 el periodista&nbsp;Eduardo Aguirre de FM S\u00f3nica de Virasoro, todo ocurri\u00f3 en el barrio Conin en horas del partido que la selecci\u00f3n Argentina jug\u00f3 contra Polonia.&nbsp;<\/p>\n\n\n\n<p>&#8220;Es un barrio de tipo asentamiento cercano a las v\u00edas del ferrocarril. Son casillas que est\u00e1n todas juntas, una al lado de la otra, pero hay un sector en donde hay un terreno bald\u00edo con veh\u00edculos estacionados&#8221;, explic\u00f3 Aguirre.<\/p>\n\n\n\n<p>El periodista detall\u00f3 que la camioneta donde fue encontrado el peque\u00f1o aparentemente es de la familia pero se encuentra descompuesto, por lo que est\u00e1 estacionado en ese lugar hace tiempo. Se cree que jugando, el ni\u00f1o ingres\u00f3 al veh\u00edculo pero luego no pudo salir.<\/p>\n\n\n\n<p>Se estima que el ni\u00f1o estuvo entre 2 y 3 horas encerrado dentro de la camioneta, en plena hora de la siesta, lo que deriv\u00f3 en su sofocamiento. Ayer por la tarde trascendi\u00f3 un video luego de que los padres llegaran al hospital con el ni\u00f1o, en el que se escuchan gritos de angustia de la familia luego de que les confirmaran el falleciemiento.<\/p>\n\n\n\n<p>Tras el hecho, la polic\u00eda demor\u00f3 al padre del menor para averiguar m\u00e1s datos de lo sucedido. El cuerpo del chico fue llevado a la morgue local por orden del fiscal a cargo de la investigaci\u00f3n, para luego ser trasladado a Santo Tom\u00e9, donde se le har\u00e1 la autopsia para determinar las causas del fallecimiento.&nbsp;<\/p>\n","protected":false},"excerpt":{"rendered":"<p>La tragedia ocurri\u00f3 entre la siesta y la tarde, en horas del partido entre Argentina y Polonia. Al notar la ausencia del menor, su familia comenz\u00f3 a buscarlo, incluso hicieron&hellip; <\/p>\n","protected":false},"author":4,"featured_media":24286,"comment_status":"closed","ping_status":"open","sticky":false,"template":"","format":"standard","meta":{"footnotes":""},"categories":[5],"tags":[],"class_list":["post-24273","post","type-post","status-publish","format-standard","has-post-thumbnail","hentry","category-crimen-y-justicia"],"_links":{"self":[{"href":"https:\/\/corrientesdetarde.com\/index.php\/wp-json\/wp\/v2\/posts\/24273","targetHints":{"allow":["GET"]}}],"collection":[{"href":"https:\/\/corrientesdetarde.com\/index.php\/wp-json\/wp\/v2\/posts"}],"about":[{"href":"https:\/\/corrientesdetarde.com\/index.php\/wp-json\/wp\/v2\/types\/post"}],"author":[{"embeddable":true,"href":"https:\/\/corrientesdetarde.com\/index.php\/wp-json\/wp\/v2\/users\/4"}],"replies":[{"embeddable":true,"href":"https:\/\/corrientesdetarde.com\/index.php\/wp-json\/wp\/v2\/comments?post=24273"}],"version-history":[{"count":2,"href":"https:\/\/corrientesdetarde.com\/index.php\/wp-json\/wp\/v2\/posts\/24273\/revisions"}],"predecessor-version":[{"id":24287,"href":"https:\/\/corrientesdetarde.com\/index.php\/wp-json\/wp\/v2\/posts\/24273\/revisions\/24287"}],"wp:featuredmedia":[{"embeddable":true,"href":"https:\/\/corrientesdetarde.com\/index.php\/wp-json\/wp\/v2\/media\/24286"}],"wp:attachment":[{"href":"https:\/\/corrientesdetarde.com\/index.php\/wp-json\/wp\/v2\/media?parent=24273"}],"wp:term":[{"taxonomy":"category","embeddable":true,"href":"https:\/\/corrientesdetarde.com\/index.php\/wp-json\/wp\/v2\/categories?post=24273"},{"taxonomy":"post_tag","embeddable":true,"href":"https:\/\/corrientesdetarde.com\/index.php\/wp-json\/wp\/v2\/tags?post=24273"}],"curies":[{"name":"wp","href":"https:\/\/api.w.org\/{rel}","templated":true}]}}