{"id":242731,"date":"2026-01-12T19:58:00","date_gmt":"2026-01-12T22:58:00","guid":{"rendered":"https:\/\/corrientesdetarde.com\/?p=242731"},"modified":"2026-01-12T20:04:13","modified_gmt":"2026-01-12T23:04:13","slug":"donald-trump-y-maria-corina-machado-se-reuniran-este-jueves","status":"publish","type":"post","link":"https:\/\/corrientesdetarde.com\/index.php\/internacionales\/donald-trump-y-maria-corina-machado-se-reuniran-este-jueves\/","title":{"rendered":"Donald Trump y Mar\u00eda Corina Machado se reunir\u00e1n este jueves."},"content":{"rendered":"\n<h2 class=\"wp-block-heading\">El encuentro se da en medio de negociaciones sobre el futuro del sector energ\u00e9tico venezolano y el control de los flujos petroleros tras la salida del dictador chavista del poder.<\/h2>\n\n\n\n<p>El presidente de Estados Unidos,&nbsp;<strong>Donald Trump<\/strong>, recibir\u00e1 este jueves en la Casa Blanca a la&nbsp;l\u00edder opositora de Venezuela y Premio Nobel de la Paz 2025&nbsp;<strong>Mar\u00eda Corina Machado<\/strong>, poco m\u00e1s de una semana despu\u00e9s de la captura&nbsp;<strong>del dictador Nicol\u00e1s Maduro<\/strong>&nbsp;y el inicio de una nueva etapa de incertidumbre en pa\u00eds caribe\u00f1o.<\/p>\n\n\n\n<p>El encuentro se dar\u00e1 en un momento clave para la&nbsp;pol\u00edtica exterior estadounidense, con Washington involucrado de forma directa en&nbsp;<strong>las negociaciones sobre el futuro institucional de Venezuela\u00b4.<\/strong><\/p>\n\n\n\n<p>La cita est\u00e1 programada en un contexto marcado por el vac\u00edo de poder generado luego de la detenci\u00f3n de Maduro durante una operaci\u00f3n militar estadounidense en Caracas a comienzos de enero. Desde entonces,&nbsp;<strong>Delcy Rodr\u00edguez<\/strong>&nbsp;fue nombrada jefa del r\u00e9gimen chavista, mientras Estados Unidos ha mantenido contactos con distintos actores internos y externos para evaluar&nbsp;escenarios de transici\u00f3n, estabilidad y gobernabilidad en Venezuela, en medio de una profunda crisis econ\u00f3mica y social.<\/p>\n\n\n\n<p>La reuni\u00f3n con Machado se inscribe dentro de ese&nbsp;<strong>proceso de redefinici\u00f3n<\/strong>. La dirigente opositora ha sido una de las voces m\u00e1s visibles en la denuncia de&nbsp;violaciones de derechos humanos&nbsp;y en el&nbsp;<strong>reclamo por la&nbsp;liberaci\u00f3n de presos pol\u00edticos<\/strong>, una exigencia sostenida durante a\u00f1os por organizaciones internacionales, gobiernos extranjeros y organismos multilaterales.<\/p>\n\n\n\n<p><\/p>\n","protected":false},"excerpt":{"rendered":"<p>El encuentro se da en medio de negociaciones sobre el futuro del sector energ\u00e9tico venezolano y el control de los flujos petroleros tras la salida del dictador chavista del poder.&hellip; <\/p>\n","protected":false},"author":6,"featured_media":242734,"comment_status":"closed","ping_status":"open","sticky":false,"template":"","format":"standard","meta":{"footnotes":""},"categories":[11],"tags":[],"class_list":["post-242731","post","type-post","status-publish","format-standard","has-post-thumbnail","hentry","category-internacionales"],"_links":{"self":[{"href":"https:\/\/corrientesdetarde.com\/index.php\/wp-json\/wp\/v2\/posts\/242731","targetHints":{"allow":["GET"]}}],"collection":[{"href":"https:\/\/corrientesdetarde.com\/index.php\/wp-json\/wp\/v2\/posts"}],"about":[{"href":"https:\/\/corrientesdetarde.com\/index.php\/wp-json\/wp\/v2\/types\/post"}],"author":[{"embeddable":true,"href":"https:\/\/corrientesdetarde.com\/index.php\/wp-json\/wp\/v2\/users\/6"}],"replies":[{"embeddable":true,"href":"https:\/\/corrientesdetarde.com\/index.php\/wp-json\/wp\/v2\/comments?post=242731"}],"version-history":[{"count":1,"href":"https:\/\/corrientesdetarde.com\/index.php\/wp-json\/wp\/v2\/posts\/242731\/revisions"}],"predecessor-version":[{"id":242736,"href":"https:\/\/corrientesdetarde.com\/index.php\/wp-json\/wp\/v2\/posts\/242731\/revisions\/242736"}],"wp:featuredmedia":[{"embeddable":true,"href":"https:\/\/corrientesdetarde.com\/index.php\/wp-json\/wp\/v2\/media\/242734"}],"wp:attachment":[{"href":"https:\/\/corrientesdetarde.com\/index.php\/wp-json\/wp\/v2\/media?parent=242731"}],"wp:term":[{"taxonomy":"category","embeddable":true,"href":"https:\/\/corrientesdetarde.com\/index.php\/wp-json\/wp\/v2\/categories?post=242731"},{"taxonomy":"post_tag","embeddable":true,"href":"https:\/\/corrientesdetarde.com\/index.php\/wp-json\/wp\/v2\/tags?post=242731"}],"curies":[{"name":"wp","href":"https:\/\/api.w.org\/{rel}","templated":true}]}}