{"id":242748,"date":"2026-01-12T20:15:00","date_gmt":"2026-01-12T23:15:00","guid":{"rendered":"https:\/\/corrientesdetarde.com\/?p=242748"},"modified":"2026-01-12T20:42:40","modified_gmt":"2026-01-12T23:42:40","slug":"valdes-se-reunio-con-representantes-de-la-asociacion-de-sociedades-rurales-de-corrientes","status":"publish","type":"post","link":"https:\/\/corrientesdetarde.com\/index.php\/politica\/valdes-se-reunio-con-representantes-de-la-asociacion-de-sociedades-rurales-de-corrientes\/","title":{"rendered":"Vald\u00e9s se reuni\u00f3 con representantes de la Asociaci\u00f3n de Sociedades Rurales de Corrientes."},"content":{"rendered":"\n<h2 class=\"wp-block-heading\">Durante la reuni\u00f3n se abordaron temas vinculados al abigeato\u00a0y a distintas cuestiones productivas, con el objetivo de generar un\u00a0espacio de trabajo\u00a0entre el Gobierno provincial y el sector rural, que tienda a mejorar los sistemas productivos.<\/h2>\n\n\n\n<p>El gobernador&nbsp;<strong>Juan Pablo Vald\u00e9s&nbsp;<\/strong>particip\u00f3 este lunes en La Cruz, de una reuni\u00f3n de trabajo con integrantes y representantes de la&nbsp;<strong>Asociaci\u00f3n de Sociedades Rurales de Corrientes<\/strong>&nbsp;(ASRC). El encuentro se dio en el marco de un&nbsp;<strong>fortalecimiento del di\u00e1logo y trabajo conjunto con el sector rura<\/strong>l, seg\u00fan comunic\u00f3 el Mandatario provincial.<\/p>\n\n\n\n<figure class=\"wp-block-image\"><a href=\"https:\/\/www.radiosudamericana.com\/notix\/multimedia\/imagenes\/fotos\/2026-01-12\/375910.png\"><img decoding=\"async\" src=\"https:\/\/www.radiosudamericana.com\/notix\/multimedia\/imagenes\/fotos\/2026-01-12\/375910.png_nota.png\" alt=\"\"\/><\/a><\/figure>\n\n\n\n<p>La reuni\u00f3n tuvo lugar en la Sociedad Rural de dicha ciudad, a la que tambi\u00e9n asistieron los ministros de Seguridad,&nbsp;<strong>Ad\u00e1n Gaya<\/strong>; y de Producci\u00f3n,&nbsp;<strong>Claudio Anselmo<\/strong>; integrantes de la Polic\u00eda de Corrientes; y el intendente de La Cruz,&nbsp;<strong>Luis Calomarde.<\/strong>&nbsp;Por la ASRC, se encontraba su presidente&nbsp;<strong>Carlos Rold\u00e1n<\/strong>; y representantes del sector ganadero de la zona.<\/p>\n\n\n\n<figure class=\"wp-block-image\"><a href=\"https:\/\/www.radiosudamericana.com\/notix\/multimedia\/imagenes\/fotos\/2026-01-12\/554884.png\"><img decoding=\"async\" src=\"https:\/\/www.radiosudamericana.com\/notix\/multimedia\/imagenes\/fotos\/2026-01-12\/554884.png_nota.png\" alt=\"\"\/><\/a><\/figure>\n\n\n\n<p>En la oportunidad,\u00a0<strong>se abordaron temas vinculados al abigeato\u00a0<\/strong>y a distintas cuestiones productivas, con el objetivo de generar un\u00a0<strong>espacio de trabajo<\/strong>\u00a0entre el Gobierno provincial y el sector rural, que tienda a mejorar los sistemas productivos.<\/p>\n","protected":false},"excerpt":{"rendered":"<p>Durante la reuni\u00f3n se abordaron temas vinculados al abigeato\u00a0y a distintas cuestiones productivas, con el objetivo de generar un\u00a0espacio de trabajo\u00a0entre el Gobierno provincial y el sector rural, que tienda&hellip; <\/p>\n","protected":false},"author":6,"featured_media":242749,"comment_status":"closed","ping_status":"open","sticky":false,"template":"","format":"standard","meta":{"footnotes":""},"categories":[3],"tags":[],"class_list":["post-242748","post","type-post","status-publish","format-standard","has-post-thumbnail","hentry","category-politica"],"_links":{"self":[{"href":"https:\/\/corrientesdetarde.com\/index.php\/wp-json\/wp\/v2\/posts\/242748","targetHints":{"allow":["GET"]}}],"collection":[{"href":"https:\/\/corrientesdetarde.com\/index.php\/wp-json\/wp\/v2\/posts"}],"about":[{"href":"https:\/\/corrientesdetarde.com\/index.php\/wp-json\/wp\/v2\/types\/post"}],"author":[{"embeddable":true,"href":"https:\/\/corrientesdetarde.com\/index.php\/wp-json\/wp\/v2\/users\/6"}],"replies":[{"embeddable":true,"href":"https:\/\/corrientesdetarde.com\/index.php\/wp-json\/wp\/v2\/comments?post=242748"}],"version-history":[{"count":1,"href":"https:\/\/corrientesdetarde.com\/index.php\/wp-json\/wp\/v2\/posts\/242748\/revisions"}],"predecessor-version":[{"id":242750,"href":"https:\/\/corrientesdetarde.com\/index.php\/wp-json\/wp\/v2\/posts\/242748\/revisions\/242750"}],"wp:featuredmedia":[{"embeddable":true,"href":"https:\/\/corrientesdetarde.com\/index.php\/wp-json\/wp\/v2\/media\/242749"}],"wp:attachment":[{"href":"https:\/\/corrientesdetarde.com\/index.php\/wp-json\/wp\/v2\/media?parent=242748"}],"wp:term":[{"taxonomy":"category","embeddable":true,"href":"https:\/\/corrientesdetarde.com\/index.php\/wp-json\/wp\/v2\/categories?post=242748"},{"taxonomy":"post_tag","embeddable":true,"href":"https:\/\/corrientesdetarde.com\/index.php\/wp-json\/wp\/v2\/tags?post=242748"}],"curies":[{"name":"wp","href":"https:\/\/api.w.org\/{rel}","templated":true}]}}