{"id":242852,"date":"2026-01-13T18:00:00","date_gmt":"2026-01-13T21:00:00","guid":{"rendered":"https:\/\/corrientesdetarde.com\/?p=242852"},"modified":"2026-01-13T18:16:43","modified_gmt":"2026-01-13T21:16:43","slug":"buscan-a-familiares-de-un-hombre-internado-en-el-hospital-escuela","status":"publish","type":"post","link":"https:\/\/corrientesdetarde.com\/index.php\/policiales\/buscan-a-familiares-de-un-hombre-internado-en-el-hospital-escuela\/","title":{"rendered":"Buscan a familiares de un hombre internado en el Hospital Escuela."},"content":{"rendered":"\n<h2 class=\"wp-block-heading\">Se trata de un mayor de edad que dice llamarse Luciano Alegre, hallado inconsciente en la v\u00eda p\u00fablica.<\/h2>\n\n\n\n<p>El Hospital Escuela de la ciudad de Corrientes solicita la colaboraci\u00f3n de la comunidad para localizar a los familiares de un hombre mayor de edad, quien manifest\u00f3 llamarse Luciano Alegre y se encuentra internado en estado de desorientaci\u00f3n.<\/p>\n\n\n\n<p>Seg\u00fan informaron desde el \u00e1rea de Emergencias, el paciente ingres\u00f3 en horas de la noche de ayer, 11 de enero, luego de haber sido hallado inconsciente en la v\u00eda p\u00fablica. Hasta el momento no se logr\u00f3 establecer contacto con personas de su entorno familiar.<\/p>\n\n\n\n<p>Ante esta situaci\u00f3n, el personal del nosocomio pide la colaboraci\u00f3n de quienes puedan aportar datos que permitan identificar o contactar a sus familiares, para que se acerquen al hospital, ubicado en Avenida 3 de Abril 1.224, en la capital correntina.<\/p>\n\n\n\n<p>Asimismo, cualquier informaci\u00f3n puede ser comunicada al celular 3794-379515, correspondiente a la Lic. Estela \u00c1valos, referente del Hospital Escuela.<\/p>\n\n\n\n<p>Desde la instituci\u00f3n remarcaron la importancia de la difusi\u00f3n del pedido para poder dar con sus familiares a la brevedad y avanzar con su atenci\u00f3n y acompa\u00f1amiento.<\/p>\n\n\n\n<figure class=\"wp-block-image size-full\"><img decoding=\"async\" src=\"https:\/\/corrientesdetarde.com\/wp-content\/uploads\/2026\/01\/image-241.png\" alt=\"\" class=\"wp-image-242853\"\/><\/figure>\n","protected":false},"excerpt":{"rendered":"<p>Se trata de un mayor de edad que dice llamarse Luciano Alegre, hallado inconsciente en la v\u00eda p\u00fablica. El Hospital Escuela de la ciudad de Corrientes solicita la colaboraci\u00f3n de&hellip; <\/p>\n","protected":false},"author":6,"featured_media":242853,"comment_status":"closed","ping_status":"open","sticky":false,"template":"","format":"standard","meta":{"footnotes":""},"categories":[33],"tags":[],"class_list":["post-242852","post","type-post","status-publish","format-standard","has-post-thumbnail","hentry","category-policiales"],"_links":{"self":[{"href":"https:\/\/corrientesdetarde.com\/index.php\/wp-json\/wp\/v2\/posts\/242852","targetHints":{"allow":["GET"]}}],"collection":[{"href":"https:\/\/corrientesdetarde.com\/index.php\/wp-json\/wp\/v2\/posts"}],"about":[{"href":"https:\/\/corrientesdetarde.com\/index.php\/wp-json\/wp\/v2\/types\/post"}],"author":[{"embeddable":true,"href":"https:\/\/corrientesdetarde.com\/index.php\/wp-json\/wp\/v2\/users\/6"}],"replies":[{"embeddable":true,"href":"https:\/\/corrientesdetarde.com\/index.php\/wp-json\/wp\/v2\/comments?post=242852"}],"version-history":[{"count":1,"href":"https:\/\/corrientesdetarde.com\/index.php\/wp-json\/wp\/v2\/posts\/242852\/revisions"}],"predecessor-version":[{"id":242855,"href":"https:\/\/corrientesdetarde.com\/index.php\/wp-json\/wp\/v2\/posts\/242852\/revisions\/242855"}],"wp:featuredmedia":[{"embeddable":true,"href":"https:\/\/corrientesdetarde.com\/index.php\/wp-json\/wp\/v2\/media\/242853"}],"wp:attachment":[{"href":"https:\/\/corrientesdetarde.com\/index.php\/wp-json\/wp\/v2\/media?parent=242852"}],"wp:term":[{"taxonomy":"category","embeddable":true,"href":"https:\/\/corrientesdetarde.com\/index.php\/wp-json\/wp\/v2\/categories?post=242852"},{"taxonomy":"post_tag","embeddable":true,"href":"https:\/\/corrientesdetarde.com\/index.php\/wp-json\/wp\/v2\/tags?post=242852"}],"curies":[{"name":"wp","href":"https:\/\/api.w.org\/{rel}","templated":true}]}}