{"id":242854,"date":"2026-01-13T18:00:00","date_gmt":"2026-01-13T21:00:00","guid":{"rendered":"https:\/\/corrientesdetarde.com\/?p=242854"},"modified":"2026-01-13T18:29:45","modified_gmt":"2026-01-13T21:29:45","slug":"detuvieron-a-un-joven-robando-una-casa-en-monte-caseros","status":"publish","type":"post","link":"https:\/\/corrientesdetarde.com\/index.php\/policiales\/detuvieron-a-un-joven-robando-una-casa-en-monte-caseros\/","title":{"rendered":"Detuvieron a un joven robando una casa en Monte Caseros."},"content":{"rendered":"\n<h2 class=\"wp-block-heading\">El sospechoso fue sorprendido en pleno delito y la Polic\u00eda logr\u00f3 recuperar electrodom\u00e9sticos robados.<\/h2>\n\n\n\n<p>Efectivos de la Comisar\u00eda de Distrito Primera de Monte Caseros aprehendieron a un joven de 26 a\u00f1os cuando se encontraba cometiendo un hecho delictivo en una vivienda, y adem\u00e1s recuperaron un aire acondicionado y un lavarropas que hab\u00edan sido sustra\u00eddos momentos antes.<\/p>\n\n\n\n<p>El procedimiento se llev\u00f3 a cabo ayer por la tarde, alrededor de las 15:00, luego de que la Polic\u00eda fuera alertada a trav\u00e9s del Sistema Integral de Seguridad 911 sobre un il\u00edcito en una casa ubicada en inmediaciones de las calles Pl\u00e1cido Mart\u00ednez y Lavalle.<\/p>\n\n\n\n<p>Al llegar al lugar, los uniformados observaron a dos personas, quienes al notar la presencia policial intentaron darse a la fuga. Tras un r\u00e1pido accionar, los efectivos lograron aprehender a uno de ellos, mientras que el segundo logr\u00f3 escapar.<ins><\/ins><\/p>\n\n\n\n<p>Durante el operativo, la Polic\u00eda secuestr\u00f3 un aire acondicionado y un lavarropas, elementos que hab\u00edan sido robados tras violentarse la puerta de acceso de la vivienda.<\/p>\n\n\n\n<p>El joven detenido, junto a los objetos recuperados, fue puesto a disposici\u00f3n de la Unidad Fiscal en turno y trasladado a la dependencia policial, donde se continuaron con los tr\u00e1mites legales correspondientes.<\/p>\n\n\n\n<p><\/p>\n","protected":false},"excerpt":{"rendered":"<p>El sospechoso fue sorprendido en pleno delito y la Polic\u00eda logr\u00f3 recuperar electrodom\u00e9sticos robados. Efectivos de la Comisar\u00eda de Distrito Primera de Monte Caseros aprehendieron a un joven de 26&hellip; <\/p>\n","protected":false},"author":6,"featured_media":242857,"comment_status":"closed","ping_status":"open","sticky":false,"template":"","format":"standard","meta":{"footnotes":""},"categories":[33],"tags":[],"class_list":["post-242854","post","type-post","status-publish","format-standard","has-post-thumbnail","hentry","category-policiales"],"_links":{"self":[{"href":"https:\/\/corrientesdetarde.com\/index.php\/wp-json\/wp\/v2\/posts\/242854","targetHints":{"allow":["GET"]}}],"collection":[{"href":"https:\/\/corrientesdetarde.com\/index.php\/wp-json\/wp\/v2\/posts"}],"about":[{"href":"https:\/\/corrientesdetarde.com\/index.php\/wp-json\/wp\/v2\/types\/post"}],"author":[{"embeddable":true,"href":"https:\/\/corrientesdetarde.com\/index.php\/wp-json\/wp\/v2\/users\/6"}],"replies":[{"embeddable":true,"href":"https:\/\/corrientesdetarde.com\/index.php\/wp-json\/wp\/v2\/comments?post=242854"}],"version-history":[{"count":1,"href":"https:\/\/corrientesdetarde.com\/index.php\/wp-json\/wp\/v2\/posts\/242854\/revisions"}],"predecessor-version":[{"id":242859,"href":"https:\/\/corrientesdetarde.com\/index.php\/wp-json\/wp\/v2\/posts\/242854\/revisions\/242859"}],"wp:featuredmedia":[{"embeddable":true,"href":"https:\/\/corrientesdetarde.com\/index.php\/wp-json\/wp\/v2\/media\/242857"}],"wp:attachment":[{"href":"https:\/\/corrientesdetarde.com\/index.php\/wp-json\/wp\/v2\/media?parent=242854"}],"wp:term":[{"taxonomy":"category","embeddable":true,"href":"https:\/\/corrientesdetarde.com\/index.php\/wp-json\/wp\/v2\/categories?post=242854"},{"taxonomy":"post_tag","embeddable":true,"href":"https:\/\/corrientesdetarde.com\/index.php\/wp-json\/wp\/v2\/tags?post=242854"}],"curies":[{"name":"wp","href":"https:\/\/api.w.org\/{rel}","templated":true}]}}