{"id":242884,"date":"2026-01-13T19:20:00","date_gmt":"2026-01-13T22:20:00","guid":{"rendered":"https:\/\/corrientesdetarde.com\/?p=242884"},"modified":"2026-01-13T19:29:42","modified_gmt":"2026-01-13T22:29:42","slug":"encontraron-muerto-a-un-expenitenciario-en-un-auto-que-cayo-al-rio","status":"publish","type":"post","link":"https:\/\/corrientesdetarde.com\/index.php\/policiales\/encontraron-muerto-a-un-expenitenciario-en-un-auto-que-cayo-al-rio\/","title":{"rendered":"Encontraron muerto a un expenitenciario en un auto que cay\u00f3 al r\u00edo."},"content":{"rendered":"\n<h2 class=\"wp-block-heading\">Ocurri\u00f3 en el municipio de Candelaria, Misiones. El cuerpo fue reconocido por los familiares de la v\u00edctima.<\/h2>\n\n\n\n<p><strong>Encontraron muerto a un jubilado del Servicio Penitenciario Federal dentro de un auto en el\u00a0r\u00edo Paran\u00e1<\/strong>. El hombre fue identificado como\u00a0<strong>Serapio Sotelo<\/strong>, de 73 a\u00f1os.<\/p>\n\n\n\n<p>Todo comenz\u00f3 a la madrugada, cuando<strong>&nbsp;testigos alertaron a la polic\u00eda<\/strong>&nbsp;despu\u00e9s de haber visto que un veh\u00edculo se met\u00eda en el agua en la bajada de lanchas de Candelaria, Misiones.<\/p>\n\n\n\n<p>Prefectura Naval Argentina realiz\u00f3 un primer rastrillaje superficial, pero no logr\u00f3 ubicar el auto.Ante la falta de resultados, se sumaron buzos de la Divisi\u00f3n Rescate Complejo de la Polic\u00eda de Misiones y personal de Prefectura, quienes reci\u00e9n a las 8:10 encontraron el&nbsp;<strong>Chevrolet Vectra,<\/strong>&nbsp;conel&nbsp;<strong>cuerpo de Sotelo dentro<\/strong>.<\/p>\n\n\n\n<p>De acuerdo con&nbsp;<em>Primera Edici\u00f3n<\/em>, reci\u00e9n al mediod\u00eda lograron extraer el cuerpo, que fue&nbsp;<strong>reconocido por familiares<\/strong>&nbsp;de la v\u00edctima. Por disposici\u00f3n judicial, fue trasladado a la morgue para la realizaci\u00f3n de la autopsia.<\/p>\n\n\n\n<figure class=\"wp-block-image\"><img decoding=\"async\" src=\"https:\/\/tn.com.ar\/resizer\/v2\/testigos-alertaron-a-la-policia-tras-ver-como-un-auto-se-sumergia-en-el-agua-foto-primera-edicion-KNX2VDHHVNAJFMYHIFO4ABS47Y.jpg?auth=7253afbbd9cd5dc34c37efdd3c5db3f4e607b49beaa28a997f423fea5da706c4&amp;width=767\" alt=\"Testigos alertaron a la polic\u00eda tras ver c\u00f3mo un auto se sumerg\u00eda en el agua (Foto: Primera Edici\u00f3n)\"\/><figcaption class=\"wp-element-caption\">Testigos alertaron a la polic\u00eda tras ver c\u00f3mo un auto se sumerg\u00eda en el agua (Foto: Primera Edici\u00f3n)<\/figcaption><\/figure>\n\n\n\n<p><strong>El auto contin\u00faa sumergido en el r\u00edo.&nbsp;<\/strong>La Unidad Regional X de la Polic\u00eda de Misiones avanza con las diligencias, en coordinaci\u00f3n con la Justicia, para intentar esclarecer c\u00f3mo y por qu\u00e9 termin\u00f3 en el fondo del r\u00edo.<\/p>\n\n\n\n<p>Seg\u00fan las primeras pistas de la investigaci\u00f3n, Sotelo habr\u00eda pasado la noche en la zona de Cruz de Pesca y en sectores cercanos de Candelaria. De todos modos, por ahora&nbsp;<strong>no est\u00e1 claro qu\u00e9 fue lo que pas\u00f3<\/strong>&nbsp;ni c\u00f3mo se dieron los hechos.<\/p>\n\n\n\n<p>El operativo es encabezado por la Unidad Regional X y cuenta con la intervenci\u00f3n del fiscal&nbsp;<strong>Ren\u00e9 Germ\u00e1n Casals<\/strong>&nbsp;y del juez<strong>&nbsp;Ricardo Walter Balor<\/strong>. En el lugar tambi\u00e9n trabajan efectivos de<strong>&nbsp;Prefectura Naval,<\/strong>&nbsp;<strong>Polic\u00eda Cient\u00edfica<\/strong>&nbsp;y equipos especializados en tareas de rescate.<\/p>\n","protected":false},"excerpt":{"rendered":"<p>Ocurri\u00f3 en el municipio de Candelaria, Misiones. El cuerpo fue reconocido por los familiares de la v\u00edctima. Encontraron muerto a un jubilado del Servicio Penitenciario Federal dentro de un auto&hellip; <\/p>\n","protected":false},"author":6,"featured_media":242885,"comment_status":"closed","ping_status":"open","sticky":false,"template":"","format":"standard","meta":{"footnotes":""},"categories":[33],"tags":[],"class_list":["post-242884","post","type-post","status-publish","format-standard","has-post-thumbnail","hentry","category-policiales"],"_links":{"self":[{"href":"https:\/\/corrientesdetarde.com\/index.php\/wp-json\/wp\/v2\/posts\/242884","targetHints":{"allow":["GET"]}}],"collection":[{"href":"https:\/\/corrientesdetarde.com\/index.php\/wp-json\/wp\/v2\/posts"}],"about":[{"href":"https:\/\/corrientesdetarde.com\/index.php\/wp-json\/wp\/v2\/types\/post"}],"author":[{"embeddable":true,"href":"https:\/\/corrientesdetarde.com\/index.php\/wp-json\/wp\/v2\/users\/6"}],"replies":[{"embeddable":true,"href":"https:\/\/corrientesdetarde.com\/index.php\/wp-json\/wp\/v2\/comments?post=242884"}],"version-history":[{"count":1,"href":"https:\/\/corrientesdetarde.com\/index.php\/wp-json\/wp\/v2\/posts\/242884\/revisions"}],"predecessor-version":[{"id":242887,"href":"https:\/\/corrientesdetarde.com\/index.php\/wp-json\/wp\/v2\/posts\/242884\/revisions\/242887"}],"wp:featuredmedia":[{"embeddable":true,"href":"https:\/\/corrientesdetarde.com\/index.php\/wp-json\/wp\/v2\/media\/242885"}],"wp:attachment":[{"href":"https:\/\/corrientesdetarde.com\/index.php\/wp-json\/wp\/v2\/media?parent=242884"}],"wp:term":[{"taxonomy":"category","embeddable":true,"href":"https:\/\/corrientesdetarde.com\/index.php\/wp-json\/wp\/v2\/categories?post=242884"},{"taxonomy":"post_tag","embeddable":true,"href":"https:\/\/corrientesdetarde.com\/index.php\/wp-json\/wp\/v2\/tags?post=242884"}],"curies":[{"name":"wp","href":"https:\/\/api.w.org\/{rel}","templated":true}]}}