{"id":242886,"date":"2026-01-13T19:30:00","date_gmt":"2026-01-13T22:30:00","guid":{"rendered":"https:\/\/corrientesdetarde.com\/?p=242886"},"modified":"2026-01-13T19:31:24","modified_gmt":"2026-01-13T22:31:24","slug":"belen-fue-nominada-a-los-premios-goya-2026","status":"publish","type":"post","link":"https:\/\/corrientesdetarde.com\/index.php\/espectaculos\/belen-fue-nominada-a-los-premios-goya-2026\/","title":{"rendered":"\u201cBel\u00e9n\u201d fue nominada a los Premios Goya 2026."},"content":{"rendered":"\n<h2 class=\"wp-block-heading\">El film de Dolores Fonzi competir\u00e1 como Mejor Pel\u00edcula Iberoamericana y renueva el prestigio del cine nacional en el mundo.<\/h2>\n\n\n\n<p><em><strong>Bel\u00e9n<\/strong><\/em>, la pel\u00edcula dirigida y protagonizada por\u00a0<strong>Dolores Fonzi<\/strong>, fue nominada a\u00a0<strong>Mejor Pel\u00edcula Iberoamericana<\/strong>\u00a0en los\u00a0<strong>Premios Goya 2026<\/strong>. La noticia sacudi\u00f3 al ambiente art\u00edstico y llen\u00f3 de orgullo a la industria nacional, que\u00a0sigue sumando reconocimientos\u00a0en el circuito internacional.<\/p>\n\n\n\n<p><strong>La \u00f3pera prima de Fonzi<\/strong>\u00a0competir\u00e1 contra\u00a0<em><strong>La misteriosa mirada del flamenco\u00a0<\/strong><\/em><strong>(Chile),<\/strong><em><strong>\u00a0La piel del agua\u00a0<\/strong><\/em><strong>(Costa Rica),\u00a0<\/strong><em><strong>Manas\u00a0<\/strong><\/em><strong>(Brasil) y<\/strong><em><strong>\u00a0Un poeta\u00a0<\/strong><\/em><strong>(Colombia)<\/strong><\/p>\n\n\n\n<figure class=\"wp-block-image\"><img decoding=\"async\" src=\"https:\/\/tn.com.ar\/resizer\/v2\/belen-competira-en-los-premios-goya-2026-foto-instagram-lolafona-G5LI7AV6IZBXJM3LXEIZ7P24CU.JPG?auth=321c9a09e7d7c25961f8df5ab69d9179639ec935ad7971a7fa0983aa053fb1b4&amp;width=767\" alt=\"&quot;Bel\u00e9n&quot; competir\u00e1 en los Premios Goya 2026 (Foto: Instagram \/ lolafona)\"\/><\/figure>\n\n\n\n<p>&#8220;Bel\u00e9n&#8221; competir\u00e1 en los Premios Goya 2026 (Foto: Instagram \/ lolafona)<\/p>\n\n\n\n<h2 class=\"wp-block-heading\">La reacci\u00f3n de Dolores Fonzi y el equipo de \u201cBel\u00e9n\u201d<\/h2>\n\n\n\n<p>Apenas se enter\u00f3 de la nominaci\u00f3n,&nbsp;<strong>Dolores Fonzi<\/strong>&nbsp;explot\u00f3 de alegr\u00eda en sus redes sociales. \u201c<strong>\u00a1S\u00ed, s\u00ed, s\u00ed, all\u00e1 vamos! @academiadecine GOYAAAA BEL\u00c9N!!<\/strong>\u201d, escribi\u00f3, dejando en claro la emoci\u00f3n y el orgullo por este logro. La actriz y directora comparti\u00f3 el afiche de la pel\u00edcula y recibi\u00f3 una catarata de mensajes de colegas, amigos y seguidores que celebraron la noticia.<\/p>\n\n\n\n<figure class=\"wp-block-image\"><img decoding=\"async\" src=\"https:\/\/tn.com.ar\/resizer\/v2\/el-mensaje-de-dolores-fonzi-tras-la-nominacion-de-belen-a-los-goya-2026-foto-instagram-lolafonca-PFQC6KPLJ5DJXHI27UF4AZBCFM.JPG?auth=4c137bd6a1ea06369755b5a735ad31ec54bc7d4b322a0204e77d84d78b9a5433&amp;width=767\" alt=\"El mensaje de Dolores Fonzi tras la nominaci\u00f3n de &quot;Bel\u00e9n&quot; a los Goya 2026 (Foto: Instagram \/ lolafonca)\"\/><figcaption class=\"wp-element-caption\">El mensaje de Dolores Fonzi tras la nominaci\u00f3n de &#8220;Bel\u00e9n&#8221; a los Goya 2026 (Foto: Instagram \/ lolafonca)<\/figcaption><\/figure>\n\n\n\n<p>Entre los saludos se destacaron los de&nbsp;<strong>Florencia Bas<\/strong>, la esposa de Ricardo Dar\u00edn;&nbsp;<strong>Martina Bellati<\/strong>,&nbsp;<strong>Daniel Hendler<\/strong>&nbsp;y&nbsp;<strong>Ana Correa<\/strong>, la periodista autora del libro que inspir\u00f3 el film. La protagonista&nbsp;<strong>Camila Plaate<\/strong>&nbsp;tambi\u00e9n mostr\u00f3 su felicidad publicando la lista oficial de nominados y los mensajes del grupo de WhatsApp del elenco. \u201c<strong>\u00a1Vaaamoooo pibaas!!!<\/strong>\u201d, resumi\u00f3 el chat, reflejando la alegr\u00eda colectiva.<\/p>\n\n\n\n<h2 class=\"wp-block-heading\">Un a\u00f1o de premios y reconocimientos para el cine argentino<\/h2>\n\n\n\n<p>La nominaci\u00f3n a los Goya no es el \u00fanico hito reciente para&nbsp;<em>Bel\u00e9n<\/em>. Semanas atr\u00e1s, la pel\u00edcula qued\u00f3 incluida en la lista corta de la&nbsp;<strong>Academia de Hollywood<\/strong>&nbsp;para los&nbsp;<strong>Premios Oscar 2026<\/strong>, con chances concretas de representar a la Argentina en la categor\u00eda de&nbsp;<strong>Mejor Pel\u00edcula Internacional<\/strong>.<\/p>\n\n\n\n<figure class=\"wp-block-image\"><img decoding=\"async\" src=\"https:\/\/tn.com.ar\/resizer\/v2\/dolores-fonzi-en-el-festival-de-san-sebastian-foto-efejuan-herrero-JVZB6U6PBZGSPEC4XCTPISS5BI.jpg?auth=701c9d58e26a49467e425e7f8c1121e7f034f6a315922637231fb79db6834890&amp;width=767\" alt=\"Dolores Fonzi en el Festival de San Sebasti\u00e1n (Foto: EFE\/Juan Herrero)\"\/><figcaption class=\"wp-element-caption\">Dolores Fonzi en el Festival de San Sebasti\u00e1n (Foto: EFE\/Juan Herrero)<\/figcaption><\/figure>\n\n\n\n<p>Fonzi celebr\u00f3 ese logro con otro mensaje euf\u00f3rico: \u201c<strong>\u00a1S\u00ed, s\u00ed, s\u00ed! Entramos a la lista corta de los @theacademy Oscars. Griter\u00edo, \u00a1\u00a1\u00a1qu\u00e9 emoci\u00f3n!!! Gracias @primevideo y @ternesimaginariums<\/strong>\u201d.<\/p>\n\n\n\n<p>La confirmaci\u00f3n formal lleg\u00f3 por mail a la producci\u00f3n y se viraliz\u00f3 r\u00e1pidamente entre el equipo. El comunicado oficial detall\u00f3 que \u201c<strong>15 pel\u00edculas van a avanzar a la pr\u00f3xima ronda de votaci\u00f3n en la categor\u00eda de Mejor Pel\u00edcula Internacional en la entrega de la 96\u00b0 ceremonia de los Oscar. Pel\u00edculas de 86 pa\u00edses se encontraban en la categor\u00eda<\/strong>\u201d.<\/p>\n","protected":false},"excerpt":{"rendered":"<p>El film de Dolores Fonzi competir\u00e1 como Mejor Pel\u00edcula Iberoamericana y renueva el prestigio del cine nacional en el mundo. Bel\u00e9n, la pel\u00edcula dirigida y protagonizada por\u00a0Dolores Fonzi, fue nominada&hellip; <\/p>\n","protected":false},"author":6,"featured_media":242888,"comment_status":"closed","ping_status":"open","sticky":false,"template":"","format":"standard","meta":{"footnotes":""},"categories":[19],"tags":[],"class_list":["post-242886","post","type-post","status-publish","format-standard","has-post-thumbnail","hentry","category-espectaculos"],"_links":{"self":[{"href":"https:\/\/corrientesdetarde.com\/index.php\/wp-json\/wp\/v2\/posts\/242886","targetHints":{"allow":["GET"]}}],"collection":[{"href":"https:\/\/corrientesdetarde.com\/index.php\/wp-json\/wp\/v2\/posts"}],"about":[{"href":"https:\/\/corrientesdetarde.com\/index.php\/wp-json\/wp\/v2\/types\/post"}],"author":[{"embeddable":true,"href":"https:\/\/corrientesdetarde.com\/index.php\/wp-json\/wp\/v2\/users\/6"}],"replies":[{"embeddable":true,"href":"https:\/\/corrientesdetarde.com\/index.php\/wp-json\/wp\/v2\/comments?post=242886"}],"version-history":[{"count":1,"href":"https:\/\/corrientesdetarde.com\/index.php\/wp-json\/wp\/v2\/posts\/242886\/revisions"}],"predecessor-version":[{"id":242889,"href":"https:\/\/corrientesdetarde.com\/index.php\/wp-json\/wp\/v2\/posts\/242886\/revisions\/242889"}],"wp:featuredmedia":[{"embeddable":true,"href":"https:\/\/corrientesdetarde.com\/index.php\/wp-json\/wp\/v2\/media\/242888"}],"wp:attachment":[{"href":"https:\/\/corrientesdetarde.com\/index.php\/wp-json\/wp\/v2\/media?parent=242886"}],"wp:term":[{"taxonomy":"category","embeddable":true,"href":"https:\/\/corrientesdetarde.com\/index.php\/wp-json\/wp\/v2\/categories?post=242886"},{"taxonomy":"post_tag","embeddable":true,"href":"https:\/\/corrientesdetarde.com\/index.php\/wp-json\/wp\/v2\/tags?post=242886"}],"curies":[{"name":"wp","href":"https:\/\/api.w.org\/{rel}","templated":true}]}}