{"id":242920,"date":"2026-01-14T10:13:37","date_gmt":"2026-01-14T13:13:37","guid":{"rendered":"https:\/\/corrientesdetarde.com\/?p=242920"},"modified":"2026-01-14T10:13:41","modified_gmt":"2026-01-14T13:13:41","slug":"el-tala-la-sede-del-campus-summer-basket","status":"publish","type":"post","link":"https:\/\/corrientesdetarde.com\/index.php\/deportes\/el-tala-la-sede-del-campus-summer-basket\/","title":{"rendered":"El Tala, la sede del Campus &#8220;Summer Basket&#8221;"},"content":{"rendered":"\n<p>Se desarrollar\u00e1 desde el 19 al 31 de enero en las instalaciones del club correntino. Desde U11 en adelante, en ambas ramas.<\/p>\n\n\n\n<p>Para arrancar el 2026, el club El Tala de la ciudad de Corrientes llevar\u00e1 adelante el &#8220;Summer Basket&#8221; para todas las categor\u00edas formativas, teniendo este campus todas las comodidades y un staff de entrenadores quienes brindar\u00e1n todos sus conocimientos en la materia b\u00e1squet. Interesados comunicarse al 3794 \u0096 660601.<\/p>\n\n\n\n<p>Este campus deportivo se desarrollar\u00e1 desde el 19 al 31 de enero en las excelentes instalaciones de la instituci\u00f3n ubicada en 25 de Mayo y Santa Fe, de la capital correntina. El horario ser\u00e1 desde las 17 hasta las 20, de lunes a viernes. Las categor\u00edas que estar\u00e1n van a ser desde la U11 en adelante, en ambas ramas.<\/p>\n\n\n\n<p>Con respecto a los temas a tratarse durante este campus, tanto t\u00e1cticos como f\u00edsicos, ser\u00e1n los siguientes:<\/p>\n\n\n\n<p>Jugadores: &#8220;Mentalidad competitiva y foco en el proceso&#8221;. Objetivos: comprender c\u00f3mo funciona la mente bajo presi\u00f3n, regular emociones y construir una mentalidad de crecimiento. Contenidos: confianza deportiva, presi\u00f3n en competencia, pensamientos que ayudan vs. pensamientos que bloquean; enfoque en el proceso. Metodolog\u00eda: din\u00e1mica y en cancha, adaptada a la franja etaria de los jugadores. Resultados esperados: jugadores que gestionan la frustraci\u00f3n, aceptan el error y juegan con claridad y seguridad.<\/p>\n\n\n\n<p>Padres: &#8220;C\u00f3mo acompa\u00f1ar sin presionar&#8221;. Objetivos: comprender el impacto del rol de los padres en el rendimiento, aprender a comunicar mejor y evitar interferir negativamente. Contenidos: qu\u00e9 vive un chico cuando compite, frases que ayudan vs. frases que bloquean, c\u00f3mo construir un entorno emocional seguro. Modalidad: charla participativa + ejemplos reales del b\u00e1squet. Adem\u00e1s, se llevan gu\u00eda pr\u00e1ctica de comunicaci\u00f3n, claves para acompa\u00f1ar procesos y estrategias para los d\u00edas de partido.<\/p>\n\n\n\n<p>En cuanto al formato del desarrollo de este campus &#8220;Summer Basket&#8221; habr\u00e1 una (1) sesi\u00f3n para cada franja etaria de jugadores (60-75 minutos) y una (1) sesi\u00f3n para padres y madres (60-75 minutos), buscando potenciar el rendimiento deportivo a trav\u00e9s del desarrollo de habilidades mentales, emocionales y vinculares, alineando a jugadores y familias en un mismo modelo de crecimiento.<\/p>\n\n\n\n<p>Los entrenadores que estar\u00e1n al frente de este &#8220;Summer Basket&#8221; ser\u00e1n: Juan Manuel Bobadilla (director y Entrenador Nacional Nivel 3 que es el m\u00e1ximo nivel alcanzado en Argentina); Eduardo &#8220;Tito&#8221; Hurtado quien viene de dirigir a nivel internacional en Paraguay; Francisco Morales quien viene de dirigir en el \u00faltimo a\u00f1o la Liga Metropolitana en Buenos Aires; y Jos\u00e9 Balcazas, profesor de educaci\u00f3n f\u00edsica y b\u00e1squet formativo.<\/p>\n\n\n\n<p>Al respecto, el creador y director de toda esta movida deportiva que se viene llevando adelante a\u00f1o tras a\u00f1o, Juan Manuel Bobadilla, dej\u00f3 en claro que &#8220;los objetivos del campus es potenciar a los jugadores sus habilidades t\u00e9cnicas f\u00edsicas y en esta oportunidad tambi\u00e9n psicol\u00f3gicas, con el apoyo de una licenciada en psicolog\u00eda deportiva reconocida a nivel regional y nacional con experiencia en trabajo con basquetbolistas de Liga Nacional&#8221;.<\/p>\n\n\n\n<p>&#8220;Buscamos potenciar el b\u00e1squet a nivel regional y nacional, d\u00e1ndoles nuevas herramientas para transformar a los jugadores y que lleguen a cumplir sus objetivos personales acompa\u00f1\u00e1ndolos desde las etapas formativas&#8221;, finaliz\u00f3 Bobadilla.<\/p>\n","protected":false},"excerpt":{"rendered":"<p>Se desarrollar\u00e1 desde el 19 al 31 de enero en las instalaciones del club correntino. Desde U11 en adelante, en ambas ramas. Para arrancar el 2026, el club El Tala&hellip; <\/p>\n","protected":false},"author":3,"featured_media":242924,"comment_status":"closed","ping_status":"open","sticky":false,"template":"","format":"standard","meta":{"footnotes":""},"categories":[4],"tags":[],"class_list":["post-242920","post","type-post","status-publish","format-standard","has-post-thumbnail","hentry","category-deportes"],"_links":{"self":[{"href":"https:\/\/corrientesdetarde.com\/index.php\/wp-json\/wp\/v2\/posts\/242920","targetHints":{"allow":["GET"]}}],"collection":[{"href":"https:\/\/corrientesdetarde.com\/index.php\/wp-json\/wp\/v2\/posts"}],"about":[{"href":"https:\/\/corrientesdetarde.com\/index.php\/wp-json\/wp\/v2\/types\/post"}],"author":[{"embeddable":true,"href":"https:\/\/corrientesdetarde.com\/index.php\/wp-json\/wp\/v2\/users\/3"}],"replies":[{"embeddable":true,"href":"https:\/\/corrientesdetarde.com\/index.php\/wp-json\/wp\/v2\/comments?post=242920"}],"version-history":[{"count":1,"href":"https:\/\/corrientesdetarde.com\/index.php\/wp-json\/wp\/v2\/posts\/242920\/revisions"}],"predecessor-version":[{"id":242939,"href":"https:\/\/corrientesdetarde.com\/index.php\/wp-json\/wp\/v2\/posts\/242920\/revisions\/242939"}],"wp:featuredmedia":[{"embeddable":true,"href":"https:\/\/corrientesdetarde.com\/index.php\/wp-json\/wp\/v2\/media\/242924"}],"wp:attachment":[{"href":"https:\/\/corrientesdetarde.com\/index.php\/wp-json\/wp\/v2\/media?parent=242920"}],"wp:term":[{"taxonomy":"category","embeddable":true,"href":"https:\/\/corrientesdetarde.com\/index.php\/wp-json\/wp\/v2\/categories?post=242920"},{"taxonomy":"post_tag","embeddable":true,"href":"https:\/\/corrientesdetarde.com\/index.php\/wp-json\/wp\/v2\/tags?post=242920"}],"curies":[{"name":"wp","href":"https:\/\/api.w.org\/{rel}","templated":true}]}}