{"id":242950,"date":"2026-01-14T11:23:13","date_gmt":"2026-01-14T14:23:13","guid":{"rendered":"https:\/\/corrientesdetarde.com\/?p=242950"},"modified":"2026-01-14T11:23:19","modified_gmt":"2026-01-14T14:23:19","slug":"general-belgrano-se-llena-de-sabor-llega-la-2a-fiesta-morfi-con-vacio-y-hamburguesas","status":"publish","type":"post","link":"https:\/\/corrientesdetarde.com\/index.php\/cultura\/general-belgrano-se-llena-de-sabor-llega-la-2a-fiesta-morfi-con-vacio-y-hamburguesas\/","title":{"rendered":"GENERAL BELGRANO SE LLENA DE SABOR: LLEGA LA 2\u00aa FIESTA MORFI, CON VAC\u00cdO Y HAMBURGUESAS"},"content":{"rendered":"\n<p>Este fin de semana, la localidad de General Belgrano, que se encuentra a un poco m\u00e1s de 100 km de La Plata, volver\u00e1 a convertirse en uno de los destinos m\u00e1s convocantes de la regi\u00f3n con la segunda edici\u00f3n de la Fiesta Morfi, un evento gastron\u00f3mico que promete dos noches de sabores, m\u00fasica y tradici\u00f3n.<\/p>\n\n\n\n<p>En esta oportunidad, los grandes protagonistas ser\u00e1n el vac\u00edo y las hamburguesas, dos cl\u00e1sicos que convocan a vecinos y turistas.<\/p>\n\n\n\n<p>La ciudad, ubicada a orillas del r\u00edo Salado, no solo seduce por sus atractivos naturales, como el Parque Termal y la Reserva Natural Bosque Encantado, de 24 hect\u00e1reas, donde se encuentra el Museo de las Estancias que conserva parte de la historia de los primeros pobladores, sino tambi\u00e9n por una agenda de eventos que crece a\u00f1o a a\u00f1o.<\/p>\n\n\n\n<p>La Fiesta Morfi se realizar\u00e1 el s\u00e1bado 17, desde las 21, y el domingo 18 de enero, desde las 19, en el Parque Mateo Bruzzo, un entorno natural privilegiado a pocos metros de las Termas del Salado.<\/p>\n\n\n\n<p>La apertura contar\u00e1 con la participaci\u00f3n de artistas locales y regionales, y tendr\u00e1 como platos fuertes las presentaciones de Leo de los Etchemendy y El Bocha Lobosco, uno de los artistas del momento, que prometen hacer vibrar al p\u00fablico presente.<\/p>\n\n\n\n<p>El evento incluir\u00e1 cantinas a cargo de instituciones locales, mientras que las hamburguesas estar\u00e1n elaboradas por emprendedores gastron\u00f3micos de la ciudad, apostando a difundir y fortalecer la producci\u00f3n local.<\/p>\n\n\n\n<p>Patio cervecero<br>Adem\u00e1s del patio gastron\u00f3mico, m\u00e1s de 145 emprendedores formar\u00e1n parte de la propuesta con un patio cervecero, paseo de artesanos y emprendedores y un patio alfajorero, completando una experiencia ideal para disfrutar en familia o con amigos.<\/p>\n\n\n\n<p>Con esta nueva edici\u00f3n, General Belgrano se consolida como un destino tur\u00edstico y gastron\u00f3mico destacado de la provincia de Buenos Aires, combinando naturaleza, cultura y buena comida en un mismo lugar.<\/p>\n\n\n\n<p>Para mas informacion consulta la web www.generalbelgrano.tur.ar \u00f3 el WhatsApp al 2243 401896<\/p>\n","protected":false},"excerpt":{"rendered":"<p>Este fin de semana, la localidad de General Belgrano, que se encuentra a un poco m\u00e1s de 100 km de La Plata, volver\u00e1 a convertirse en uno de los destinos&hellip; <\/p>\n","protected":false},"author":11,"featured_media":242951,"comment_status":"closed","ping_status":"open","sticky":false,"template":"","format":"standard","meta":{"footnotes":""},"categories":[15],"tags":[],"class_list":["post-242950","post","type-post","status-publish","format-standard","has-post-thumbnail","hentry","category-cultura"],"_links":{"self":[{"href":"https:\/\/corrientesdetarde.com\/index.php\/wp-json\/wp\/v2\/posts\/242950","targetHints":{"allow":["GET"]}}],"collection":[{"href":"https:\/\/corrientesdetarde.com\/index.php\/wp-json\/wp\/v2\/posts"}],"about":[{"href":"https:\/\/corrientesdetarde.com\/index.php\/wp-json\/wp\/v2\/types\/post"}],"author":[{"embeddable":true,"href":"https:\/\/corrientesdetarde.com\/index.php\/wp-json\/wp\/v2\/users\/11"}],"replies":[{"embeddable":true,"href":"https:\/\/corrientesdetarde.com\/index.php\/wp-json\/wp\/v2\/comments?post=242950"}],"version-history":[{"count":1,"href":"https:\/\/corrientesdetarde.com\/index.php\/wp-json\/wp\/v2\/posts\/242950\/revisions"}],"predecessor-version":[{"id":242952,"href":"https:\/\/corrientesdetarde.com\/index.php\/wp-json\/wp\/v2\/posts\/242950\/revisions\/242952"}],"wp:featuredmedia":[{"embeddable":true,"href":"https:\/\/corrientesdetarde.com\/index.php\/wp-json\/wp\/v2\/media\/242951"}],"wp:attachment":[{"href":"https:\/\/corrientesdetarde.com\/index.php\/wp-json\/wp\/v2\/media?parent=242950"}],"wp:term":[{"taxonomy":"category","embeddable":true,"href":"https:\/\/corrientesdetarde.com\/index.php\/wp-json\/wp\/v2\/categories?post=242950"},{"taxonomy":"post_tag","embeddable":true,"href":"https:\/\/corrientesdetarde.com\/index.php\/wp-json\/wp\/v2\/tags?post=242950"}],"curies":[{"name":"wp","href":"https:\/\/api.w.org\/{rel}","templated":true}]}}