{"id":242963,"date":"2026-01-14T17:00:00","date_gmt":"2026-01-14T20:00:00","guid":{"rendered":"https:\/\/corrientesdetarde.com\/?p=242963"},"modified":"2026-01-14T17:35:22","modified_gmt":"2026-01-14T20:35:22","slug":"cronograma-para-recorrer-los-carnavales-en-toda-la-provincia","status":"publish","type":"post","link":"https:\/\/corrientesdetarde.com\/index.php\/cultura\/cronograma-para-recorrer-los-carnavales-en-toda-la-provincia\/","title":{"rendered":"Cronograma para recorrer los Carnavales en toda la provincia."},"content":{"rendered":"\n<h2 class=\"wp-block-heading\">Seis paradas y 18 localidades para disfrutar del carnaval correntino durante enero y febrero.<\/h2>\n\n\n\n<p>Con el objetivo de promocionar los carnavales que se desarrollan en distintos puntos de Corrientes, la propuesta Estaci\u00f3n Carnaval invita a recorrer la provincia a trav\u00e9s de un cronograma que re\u00fane fechas y localidades para disfrutar de esta tradicional celebraci\u00f3n durante todo el verano.<\/p>\n\n\n\n<p>El recorrido contempla seis estaciones en 18 localidades, comenzando a mediados de enero en Itat\u00ed y Mantilla, y culminando en febrero en Capital, con propuestas que reflejan la identidad, el ritmo y la impronta de cada ciudad.<\/p>\n\n\n\n<p>En ese marco, el gobernador Juan Pablo Vald\u00e9s destac\u00f3 la importancia del carnaval como motor econ\u00f3mico: &#8220;Los carnavales son una fuente de trabajo e ingresos para los correntinos en cada localidad. La gastronom\u00eda, la hoteler\u00eda, los emprendedores y comerciantes tienen la oportunidad de aumentar sus ventas, y desde la gesti\u00f3n vamos a apoyar todas las iniciativas que movilicen la econom\u00eda local&#8221;.<\/p>\n\n\n\n<p>El cronograma completo se organiza de la siguiente manera:<\/p>\n\n\n\n<p>Parada 1<\/p>\n\n\n\n<p>16 y 17 de enero: Itat\u00ed y Mantilla<\/p>\n\n\n\n<p>17 de enero: Alvear, Bella Vista, Esquina, Goya, Ituzaing\u00f3, Monte Caseros y Saladas<\/p>\n\n\n\n<p>Parada 2<\/p>\n\n\n\n<p>23 y 24 de enero: Mantilla<\/p>\n\n\n\n<p>24 de enero: Alvear, Bella Vista, Carnaval del Iber\u00e1 (Mercedes), Esquina, Goya, Ituzaing\u00f3, Mariano I. Loza, Monte Caseros, Perugorr\u00eda y Saladas<\/p>\n\n\n\n<p>Parada 3<\/p>\n\n\n\n<p>30 y 31 de enero: Itat\u00ed<\/p>\n\n\n\n<p>31 de enero: Alvear, Bella Vista, Carnaval del Iber\u00e1 (Mercedes), Curuz\u00fa Cuati\u00e1, Esquina, Goya, Ituzaing\u00f3, La Cruz, Mariano I. Loza, Monte Caseros, Paso de los Libres, Perugorr\u00eda, Saladas, Santa Rosa y Santo Tom\u00e9<\/p>\n\n\n\n<p>Parada 4<\/p>\n\n\n\n<p>1, 7 y 8 de febrero: Santa Rosa<\/p>\n\n\n\n<p>6 y 7 de febrero: Curuz\u00fa Cuati\u00e1<\/p>\n\n\n\n<p>7 de febrero: Ca\u00e1 Cat\u00ed, Carnaval del Iber\u00e1 (Mercedes), Esquina, Goya, Ituzaing\u00f3, La Cruz, Mariano I. Loza, Monte Caseros, Paso de los Libres, Perugorr\u00eda y Santo Tom\u00e9<\/p>\n\n\n\n<p>Parada 5<\/p>\n\n\n\n<p>13 y 14 de febrero: Monte Caseros<\/p>\n\n\n\n<p>14 de febrero: Carnaval del Iber\u00e1 (Mercedes), Curuz\u00fa Cuati\u00e1, La Cruz y Santo Tom\u00e9<\/p>\n\n\n\n<p>Parada 6<\/p>\n\n\n\n<p>14 y 15 de febrero: Paso de los Libres<\/p>\n\n\n\n<p>De esta manera, Corrientes se prepara para vivir un verano a puro color, m\u00fasica y tradici\u00f3n, con propuestas que combinan cultura, turismo y desarrollo local en cada rinc\u00f3n de la provincia.<\/p>\n","protected":false},"excerpt":{"rendered":"<p>Seis paradas y 18 localidades para disfrutar del carnaval correntino durante enero y febrero. Con el objetivo de promocionar los carnavales que se desarrollan en distintos puntos de Corrientes, la&hellip; <\/p>\n","protected":false},"author":6,"featured_media":242965,"comment_status":"closed","ping_status":"open","sticky":false,"template":"","format":"standard","meta":{"footnotes":""},"categories":[15,22],"tags":[],"class_list":["post-242963","post","type-post","status-publish","format-standard","has-post-thumbnail","hentry","category-cultura","category-eventos"],"_links":{"self":[{"href":"https:\/\/corrientesdetarde.com\/index.php\/wp-json\/wp\/v2\/posts\/242963","targetHints":{"allow":["GET"]}}],"collection":[{"href":"https:\/\/corrientesdetarde.com\/index.php\/wp-json\/wp\/v2\/posts"}],"about":[{"href":"https:\/\/corrientesdetarde.com\/index.php\/wp-json\/wp\/v2\/types\/post"}],"author":[{"embeddable":true,"href":"https:\/\/corrientesdetarde.com\/index.php\/wp-json\/wp\/v2\/users\/6"}],"replies":[{"embeddable":true,"href":"https:\/\/corrientesdetarde.com\/index.php\/wp-json\/wp\/v2\/comments?post=242963"}],"version-history":[{"count":1,"href":"https:\/\/corrientesdetarde.com\/index.php\/wp-json\/wp\/v2\/posts\/242963\/revisions"}],"predecessor-version":[{"id":242966,"href":"https:\/\/corrientesdetarde.com\/index.php\/wp-json\/wp\/v2\/posts\/242963\/revisions\/242966"}],"wp:featuredmedia":[{"embeddable":true,"href":"https:\/\/corrientesdetarde.com\/index.php\/wp-json\/wp\/v2\/media\/242965"}],"wp:attachment":[{"href":"https:\/\/corrientesdetarde.com\/index.php\/wp-json\/wp\/v2\/media?parent=242963"}],"wp:term":[{"taxonomy":"category","embeddable":true,"href":"https:\/\/corrientesdetarde.com\/index.php\/wp-json\/wp\/v2\/categories?post=242963"},{"taxonomy":"post_tag","embeddable":true,"href":"https:\/\/corrientesdetarde.com\/index.php\/wp-json\/wp\/v2\/tags?post=242963"}],"curies":[{"name":"wp","href":"https:\/\/api.w.org\/{rel}","templated":true}]}}