{"id":242969,"date":"2026-01-14T17:45:00","date_gmt":"2026-01-14T20:45:00","guid":{"rendered":"https:\/\/corrientesdetarde.com\/?p=242969"},"modified":"2026-01-14T18:57:18","modified_gmt":"2026-01-14T21:57:18","slug":"recuperan-objetos-robados-de-un-auto-estacionado","status":"publish","type":"post","link":"https:\/\/corrientesdetarde.com\/index.php\/policiales\/recuperan-objetos-robados-de-un-auto-estacionado\/","title":{"rendered":"Recuperan objetos robados de un auto estacionado."},"content":{"rendered":"\n<h2 class=\"wp-block-heading\">El hecho ocurri\u00f3 en la zona de Cerrito y General Paz y fue alertado por el sistema 911.<\/h2>\n\n\n\n<p>Efectivos de la Comisar\u00eda Segunda Urbana recuperaron varios elementos que hab\u00edan sido sustra\u00eddos del interior de un autom\u00f3vil y demoraron a un hombre de 31 a\u00f1os, presuntamente vinculado al hecho, en la ciudad de Corrientes.<\/p>\n\n\n\n<p>El procedimiento se inici\u00f3 tras un alerta del Sistema Integral de Seguridad 911, que inform\u00f3 sobre un hecho delictivo ocurrido en inmediaciones de las calles Cerrito y General Paz. Seg\u00fan la denuncia, una persona de identidad desconocida violent\u00f3 el vidrio de un autom\u00f3vil Ford EcoSport que se encontraba estacionado en la v\u00eda p\u00fablica y sustrajo distintos elementos de su interior.<\/p>\n\n\n\n<p>Al llegar al lugar, los polic\u00edas realizaron tareas investigativas y recorridas por la zona. En ese contexto, mientras patrullaban por calles Suipacha y Lamadrid, divisaron a un individuo que trasladaba un bolso y que, al notar la presencia policial, intent\u00f3 darse a la fuga.<\/p>\n\n\n\n<p>Tras un r\u00e1pido accionar, el sujeto fue demorado e identificado como un hombre de 31 a\u00f1os. Al requisar el bolso que llevaba consigo, los efectivos hallaron un matafuegos, un cable de arranque y otros objetos que hab\u00edan sido denunciados como sustra\u00eddos momentos antes.<\/p>\n\n\n\n<p>El demorado, junto con los elementos recuperados, fue puesto a disposici\u00f3n de las autoridades judiciales en turno y trasladado a la Comisar\u00eda Segunda Urbana, donde se continuaron con los tr\u00e1mites de rigor.<\/p>\n","protected":false},"excerpt":{"rendered":"<p>El hecho ocurri\u00f3 en la zona de Cerrito y General Paz y fue alertado por el sistema 911. Efectivos de la Comisar\u00eda Segunda Urbana recuperaron varios elementos que hab\u00edan sido&hellip; <\/p>\n","protected":false},"author":6,"featured_media":242971,"comment_status":"closed","ping_status":"open","sticky":false,"template":"","format":"standard","meta":{"footnotes":""},"categories":[33],"tags":[],"class_list":["post-242969","post","type-post","status-publish","format-standard","has-post-thumbnail","hentry","category-policiales"],"_links":{"self":[{"href":"https:\/\/corrientesdetarde.com\/index.php\/wp-json\/wp\/v2\/posts\/242969","targetHints":{"allow":["GET"]}}],"collection":[{"href":"https:\/\/corrientesdetarde.com\/index.php\/wp-json\/wp\/v2\/posts"}],"about":[{"href":"https:\/\/corrientesdetarde.com\/index.php\/wp-json\/wp\/v2\/types\/post"}],"author":[{"embeddable":true,"href":"https:\/\/corrientesdetarde.com\/index.php\/wp-json\/wp\/v2\/users\/6"}],"replies":[{"embeddable":true,"href":"https:\/\/corrientesdetarde.com\/index.php\/wp-json\/wp\/v2\/comments?post=242969"}],"version-history":[{"count":1,"href":"https:\/\/corrientesdetarde.com\/index.php\/wp-json\/wp\/v2\/posts\/242969\/revisions"}],"predecessor-version":[{"id":242972,"href":"https:\/\/corrientesdetarde.com\/index.php\/wp-json\/wp\/v2\/posts\/242969\/revisions\/242972"}],"wp:featuredmedia":[{"embeddable":true,"href":"https:\/\/corrientesdetarde.com\/index.php\/wp-json\/wp\/v2\/media\/242971"}],"wp:attachment":[{"href":"https:\/\/corrientesdetarde.com\/index.php\/wp-json\/wp\/v2\/media?parent=242969"}],"wp:term":[{"taxonomy":"category","embeddable":true,"href":"https:\/\/corrientesdetarde.com\/index.php\/wp-json\/wp\/v2\/categories?post=242969"},{"taxonomy":"post_tag","embeddable":true,"href":"https:\/\/corrientesdetarde.com\/index.php\/wp-json\/wp\/v2\/tags?post=242969"}],"curies":[{"name":"wp","href":"https:\/\/api.w.org\/{rel}","templated":true}]}}