{"id":242975,"date":"2026-01-14T18:00:00","date_gmt":"2026-01-14T21:00:00","guid":{"rendered":"https:\/\/corrientesdetarde.com\/?p=242975"},"modified":"2026-01-14T19:07:33","modified_gmt":"2026-01-14T22:07:33","slug":"presentaron-la-tradicional-bailanta-chamamecera","status":"publish","type":"post","link":"https:\/\/corrientesdetarde.com\/index.php\/cultura\/presentaron-la-tradicional-bailanta-chamamecera\/","title":{"rendered":"Presentaron la tradicional Bailanta Chamamecera."},"content":{"rendered":"\n<h2 class=\"wp-block-heading\">La 18\u00b0 Bailanta Chamamecera ser\u00e1 en Puente Pexoa, con entrada libre y m\u00e1s de 14 artistas por noche.<\/h2>\n\n\n\n<p>En el marco de la cuenta regresiva para la 35\u00b0 Fiesta Nacional del Chamam\u00e9, este mi\u00e9rcoles se realiz\u00f3 en el Sal\u00f3n Verde de Casa de Gobierno el lanzamiento oficial de la 18\u00b0 Bailanta Chamamecera de Riachuelo, que tendr\u00e1 lugar el s\u00e1bado 24 y domingo 25 de enero en el camping Puente Pexoa, con entrada libre y gratuita.<\/p>\n\n\n\n<p>El acto fue encabezado por el vicegobernador Pedro Braillard Poccard, junto a la presidente del Instituto de Cultura, Lourdes S\u00e1nchez, el intendente de Riachuelo, Nicol\u00e1s Tejo, adem\u00e1s de funcionarios y legisladores provinciales.<\/p>\n\n\n\n<p>Durante su intervenci\u00f3n, Braillard Poccard resalt\u00f3 la importancia de llevar el chamam\u00e9 a todos los rincones de Corrientes y destac\u00f3 el car\u00e1cter popular, cultural y federal del festival. &#8220;El Festival Nacional del Chamam\u00e9 es un regalo que Corrientes le hace a la Argentina y al mundo, porque expresa lo mejor de nuestra cultura, nuestro esp\u00edritu y nuestra alegr\u00eda&#8221;, afirm\u00f3. Tambi\u00e9n subray\u00f3 la proyecci\u00f3n internacional del g\u00e9nero y el rol de las nuevas generaciones en la continuidad de esta tradici\u00f3n.<\/p>\n\n\n\n<p>Por su parte, Lourdes S\u00e1nchez valor\u00f3 la Bailanta de Puente Pexoa como una de las propuestas cl\u00e1sicas que complementan al festival central. &#8220;No compite con el escenario principal, lo fortalece. Hay p\u00fablico para todo y queremos que existan muchas bailantas en toda la provincia&#8221;, sostuvo. Adem\u00e1s, anticip\u00f3 una Fiesta Nacional &#8220;superadora&#8221;, con un nuevo escenario, mayor despliegue tecnol\u00f3gico, fuerte presencia de ballets y una transmisi\u00f3n televisiva renovada.<\/p>\n\n\n\n<p>S\u00e1nchez confirm\u00f3 adem\u00e1s que la venta de entradas para el anfiteatro avanza a muy buen ritmo, lo que llev\u00f3 a extender el horario de boleter\u00eda del Teatro Oficial Juan de Vera, y asegur\u00f3 que el festival contar\u00e1 con un anfiteatro colmado en cada noche.<\/p>\n\n\n\n<p>En tanto, el intendente Nicol\u00e1s Tejo brind\u00f3 detalles de la Bailanta, que comenzar\u00e1 ambos d\u00edas desde las 16 horas y se extender\u00e1 hasta la medianoche, con la participaci\u00f3n de 14 a 15 conjuntos por jornada, incluyendo artistas locales, provinciales y j\u00f3venes talentos de Riachuelo. Tambi\u00e9n habr\u00e1 comidas t\u00edpicas y servicio de transporte p\u00fablico hasta el camping Puente Pexoa.<\/p>\n\n\n\n<p>El domingo, adem\u00e1s, se realizar\u00e1 la tradicional Cabalgata de la Fe, que partir\u00e1 desde el Palacio Municipal hasta el predio, con la participaci\u00f3n de agrupaciones gauchas de la regi\u00f3n, consolidando a la Bailanta como una de las actividades m\u00e1s convocantes del calendario chamamecero.<\/p>\n","protected":false},"excerpt":{"rendered":"<p>La 18\u00b0 Bailanta Chamamecera ser\u00e1 en Puente Pexoa, con entrada libre y m\u00e1s de 14 artistas por noche. En el marco de la cuenta regresiva para la 35\u00b0 Fiesta Nacional&hellip; <\/p>\n","protected":false},"author":6,"featured_media":242977,"comment_status":"closed","ping_status":"open","sticky":false,"template":"","format":"standard","meta":{"footnotes":""},"categories":[15],"tags":[],"class_list":["post-242975","post","type-post","status-publish","format-standard","has-post-thumbnail","hentry","category-cultura"],"_links":{"self":[{"href":"https:\/\/corrientesdetarde.com\/index.php\/wp-json\/wp\/v2\/posts\/242975","targetHints":{"allow":["GET"]}}],"collection":[{"href":"https:\/\/corrientesdetarde.com\/index.php\/wp-json\/wp\/v2\/posts"}],"about":[{"href":"https:\/\/corrientesdetarde.com\/index.php\/wp-json\/wp\/v2\/types\/post"}],"author":[{"embeddable":true,"href":"https:\/\/corrientesdetarde.com\/index.php\/wp-json\/wp\/v2\/users\/6"}],"replies":[{"embeddable":true,"href":"https:\/\/corrientesdetarde.com\/index.php\/wp-json\/wp\/v2\/comments?post=242975"}],"version-history":[{"count":1,"href":"https:\/\/corrientesdetarde.com\/index.php\/wp-json\/wp\/v2\/posts\/242975\/revisions"}],"predecessor-version":[{"id":242978,"href":"https:\/\/corrientesdetarde.com\/index.php\/wp-json\/wp\/v2\/posts\/242975\/revisions\/242978"}],"wp:featuredmedia":[{"embeddable":true,"href":"https:\/\/corrientesdetarde.com\/index.php\/wp-json\/wp\/v2\/media\/242977"}],"wp:attachment":[{"href":"https:\/\/corrientesdetarde.com\/index.php\/wp-json\/wp\/v2\/media?parent=242975"}],"wp:term":[{"taxonomy":"category","embeddable":true,"href":"https:\/\/corrientesdetarde.com\/index.php\/wp-json\/wp\/v2\/categories?post=242975"},{"taxonomy":"post_tag","embeddable":true,"href":"https:\/\/corrientesdetarde.com\/index.php\/wp-json\/wp\/v2\/tags?post=242975"}],"curies":[{"name":"wp","href":"https:\/\/api.w.org\/{rel}","templated":true}]}}