{"id":242984,"date":"2026-01-14T18:20:00","date_gmt":"2026-01-14T21:20:00","guid":{"rendered":"https:\/\/corrientesdetarde.com\/?p=242984"},"modified":"2026-01-14T19:19:20","modified_gmt":"2026-01-14T22:19:20","slug":"detuvieron-a-dos-empleados-del-senado-bonaerense-por-abuso","status":"publish","type":"post","link":"https:\/\/corrientesdetarde.com\/index.php\/policiales\/detuvieron-a-dos-empleados-del-senado-bonaerense-por-abuso\/","title":{"rendered":"Detuvieron a dos empleados del Senado bonaerense por abuso."},"content":{"rendered":"\n<h2 class=\"wp-block-heading\">Est\u00e1n se\u00f1alados como l\u00edderes de una organizaci\u00f3n que operaba bajo una fachada espiritual y que, seg\u00fan la investigaci\u00f3n judicial, somet\u00eda a sus v\u00edctimas mediante manipulaci\u00f3n psicol\u00f3gica y abusos sexuales.<\/h2>\n\n\n\n<p>Dos empleados del Senado de la provincia de Buenos Aires fueron detenidos en las \u00faltimas horas, acusados de encabezar una secta denominada \u201cLa Orden de la Luz\u201d, investigada por la presunta captaci\u00f3n, sometimiento y abuso sexual de mujeres. La causa se inici\u00f3 a partir de denuncias presentadas por varias v\u00edctimas, cuyas declaraciones permitieron reconstruir el funcionamiento del grupo.<\/p>\n\n\n\n<p>Seg\u00fan la investigaci\u00f3n, la organizaci\u00f3n se presentaba como un espacio de crecimiento espiritual y sanaci\u00f3n, pero en la pr\u00e1ctica ejerc\u00eda un control estricto sobre las mujeres que integraban el c\u00edrculo. De acuerdo con los testimonios, los acusados utilizaban mecanismos de manipulaci\u00f3n psicol\u00f3gica y espiritual para generar dependencia, aislar a las v\u00edctimas de su entorno familiar y social, y someterlas a distintas formas de abuso.<\/p>\n\n\n\n<figure class=\"wp-block-image\"><a href=\"https:\/\/www.radiosudamericana.com\/notix\/multimedia\/imagenes\/fotos\/2026-01-14\/635928.jpg\"><img decoding=\"async\" src=\"https:\/\/www.radiosudamericana.com\/notix\/multimedia\/imagenes\/fotos\/2026-01-14\/635928.jpg_nota.jpg\" alt=\"\"\/><\/a><\/figure>\n\n\n\n<p>Los encuentros del grupo se habr\u00edan realizado durante varios a\u00f1os en distintos puntos del conurbano bonaerense. La Justicia determin\u00f3 que los l\u00edderes impon\u00edan normas r\u00edgidas de comportamiento y aplicaban castigos o presiones a quienes intentaban alejarse o cuestionaban las \u00f3rdenes impartidas dentro de la organizaci\u00f3n.<\/p>\n\n\n\n<p>Los dos detenidos, que se desempe\u00f1aban como empleados del Senado bonaerense, est\u00e1n se\u00f1alados como los principales responsables de la estructura. Los investigadores analizan si su posici\u00f3n institucional fue utilizada para facilitar la captaci\u00f3n de nuevas v\u00edctimas y si existieron m\u00e1s personas involucradas en el funcionamiento de la secta, as\u00ed como posibles v\u00ednculos con otros \u00e1mbitos del Estado.<\/p>\n\n\n\n<p>Durante los allanamientos ordenados en el marco de la causa, las autoridades secuestraron material inform\u00e1tico, documentaci\u00f3n y diversos elementos que, seg\u00fan los investigadores, habr\u00edan sido utilizados en rituales y pr\u00e1cticas del grupo. Los acusados quedaron imputados por el delito de abuso sexual con acceso carnal y permanecen detenidos a disposici\u00f3n de la Justicia, mientras contin\u00faa la investigaci\u00f3n para determinar el alcance total de los hechos denunciados.<\/p>\n","protected":false},"excerpt":{"rendered":"<p>Est\u00e1n se\u00f1alados como l\u00edderes de una organizaci\u00f3n que operaba bajo una fachada espiritual y que, seg\u00fan la investigaci\u00f3n judicial, somet\u00eda a sus v\u00edctimas mediante manipulaci\u00f3n psicol\u00f3gica y abusos sexuales. Dos&hellip; <\/p>\n","protected":false},"author":6,"featured_media":242985,"comment_status":"closed","ping_status":"open","sticky":false,"template":"","format":"standard","meta":{"footnotes":""},"categories":[33],"tags":[],"class_list":["post-242984","post","type-post","status-publish","format-standard","has-post-thumbnail","hentry","category-policiales"],"_links":{"self":[{"href":"https:\/\/corrientesdetarde.com\/index.php\/wp-json\/wp\/v2\/posts\/242984","targetHints":{"allow":["GET"]}}],"collection":[{"href":"https:\/\/corrientesdetarde.com\/index.php\/wp-json\/wp\/v2\/posts"}],"about":[{"href":"https:\/\/corrientesdetarde.com\/index.php\/wp-json\/wp\/v2\/types\/post"}],"author":[{"embeddable":true,"href":"https:\/\/corrientesdetarde.com\/index.php\/wp-json\/wp\/v2\/users\/6"}],"replies":[{"embeddable":true,"href":"https:\/\/corrientesdetarde.com\/index.php\/wp-json\/wp\/v2\/comments?post=242984"}],"version-history":[{"count":1,"href":"https:\/\/corrientesdetarde.com\/index.php\/wp-json\/wp\/v2\/posts\/242984\/revisions"}],"predecessor-version":[{"id":242987,"href":"https:\/\/corrientesdetarde.com\/index.php\/wp-json\/wp\/v2\/posts\/242984\/revisions\/242987"}],"wp:featuredmedia":[{"embeddable":true,"href":"https:\/\/corrientesdetarde.com\/index.php\/wp-json\/wp\/v2\/media\/242985"}],"wp:attachment":[{"href":"https:\/\/corrientesdetarde.com\/index.php\/wp-json\/wp\/v2\/media?parent=242984"}],"wp:term":[{"taxonomy":"category","embeddable":true,"href":"https:\/\/corrientesdetarde.com\/index.php\/wp-json\/wp\/v2\/categories?post=242984"},{"taxonomy":"post_tag","embeddable":true,"href":"https:\/\/corrientesdetarde.com\/index.php\/wp-json\/wp\/v2\/tags?post=242984"}],"curies":[{"name":"wp","href":"https:\/\/api.w.org\/{rel}","templated":true}]}}