{"id":242986,"date":"2026-01-14T18:30:00","date_gmt":"2026-01-14T21:30:00","guid":{"rendered":"https:\/\/corrientesdetarde.com\/?p=242986"},"modified":"2026-01-14T19:35:09","modified_gmt":"2026-01-14T22:35:09","slug":"nuevo-alerta-amarilla-por-tormentas-para-este-jueves-y-viernes","status":"publish","type":"post","link":"https:\/\/corrientesdetarde.com\/index.php\/clima\/nuevo-alerta-amarilla-por-tormentas-para-este-jueves-y-viernes\/","title":{"rendered":"Nuevo alerta amarilla por tormentas para este jueves y viernes."},"content":{"rendered":"\n<h2 class=\"wp-block-heading\">Desde el Servicio Meteorol\u00f3gico Nacional informaron los departamentos que se ver\u00e1n afectados por el alerta. En la ciudad capital este mi\u00e9rcoles la sensaci\u00f3n t\u00e9rmica a las 13.30 super\u00f3 los 36 grados.<\/h2>\n\n\n\n<p>En la capital provincial la temperatura a las 13.30 lleg\u00f3 a 32.9\u00b0C &nbsp;sin embargo la sensaci\u00f3n t\u00e9rmica super\u00f3 los 36. Las lluvias llegar\u00edan el viernes, pero para ma\u00f1ana se anticipan tormentas en algunas localidades del interior.<\/p>\n\n\n\n<p>As\u00ed el alerta amarilla abarca los departamentos de: Concepci\u00f3n, San Roque, Bella Vista, Mercedes, Monte Caseros, Curuz\u00fa Cuati\u00e1, Sauce, Esquina, Goya y Lavalle. Desde la noche del jueves 15 de enero para lo cual se esperan tormentas de variada intensidad, algunas localmente fuertes, con: fuerte actividad el\u00e9ctrica, ocasional ca\u00edda de granizo, r\u00e1fagas de viento de hasta 70 km\/h y abundante ca\u00edda de agua en cortos per\u00edodos.<\/p>\n\n\n\n<p>Precipitaciones estimadas: entre 20 y 50 mm, con posibilidad de superar esos valores de forma puntual.<\/p>\n","protected":false},"excerpt":{"rendered":"<p>Desde el Servicio Meteorol\u00f3gico Nacional informaron los departamentos que se ver\u00e1n afectados por el alerta. En la ciudad capital este mi\u00e9rcoles la sensaci\u00f3n t\u00e9rmica a las 13.30 super\u00f3 los 36&hellip; <\/p>\n","protected":false},"author":6,"featured_media":242988,"comment_status":"closed","ping_status":"open","sticky":false,"template":"","format":"standard","meta":{"footnotes":""},"categories":[29],"tags":[],"class_list":["post-242986","post","type-post","status-publish","format-standard","has-post-thumbnail","hentry","category-clima"],"_links":{"self":[{"href":"https:\/\/corrientesdetarde.com\/index.php\/wp-json\/wp\/v2\/posts\/242986","targetHints":{"allow":["GET"]}}],"collection":[{"href":"https:\/\/corrientesdetarde.com\/index.php\/wp-json\/wp\/v2\/posts"}],"about":[{"href":"https:\/\/corrientesdetarde.com\/index.php\/wp-json\/wp\/v2\/types\/post"}],"author":[{"embeddable":true,"href":"https:\/\/corrientesdetarde.com\/index.php\/wp-json\/wp\/v2\/users\/6"}],"replies":[{"embeddable":true,"href":"https:\/\/corrientesdetarde.com\/index.php\/wp-json\/wp\/v2\/comments?post=242986"}],"version-history":[{"count":1,"href":"https:\/\/corrientesdetarde.com\/index.php\/wp-json\/wp\/v2\/posts\/242986\/revisions"}],"predecessor-version":[{"id":242989,"href":"https:\/\/corrientesdetarde.com\/index.php\/wp-json\/wp\/v2\/posts\/242986\/revisions\/242989"}],"wp:featuredmedia":[{"embeddable":true,"href":"https:\/\/corrientesdetarde.com\/index.php\/wp-json\/wp\/v2\/media\/242988"}],"wp:attachment":[{"href":"https:\/\/corrientesdetarde.com\/index.php\/wp-json\/wp\/v2\/media?parent=242986"}],"wp:term":[{"taxonomy":"category","embeddable":true,"href":"https:\/\/corrientesdetarde.com\/index.php\/wp-json\/wp\/v2\/categories?post=242986"},{"taxonomy":"post_tag","embeddable":true,"href":"https:\/\/corrientesdetarde.com\/index.php\/wp-json\/wp\/v2\/tags?post=242986"}],"curies":[{"name":"wp","href":"https:\/\/api.w.org\/{rel}","templated":true}]}}