{"id":243017,"date":"2026-01-15T08:00:17","date_gmt":"2026-01-15T11:00:17","guid":{"rendered":"https:\/\/corrientesdetarde.com\/?p=243017"},"modified":"2026-01-15T08:00:18","modified_gmt":"2026-01-15T11:00:18","slug":"estacion-carnaval-invitan-a-conocer-fechas-y-lugares-para-disfrutar-los-carnavales-en-la-provincia","status":"publish","type":"post","link":"https:\/\/corrientesdetarde.com\/index.php\/locales\/estacion-carnaval-invitan-a-conocer-fechas-y-lugares-para-disfrutar-los-carnavales-en-la-provincia\/","title":{"rendered":"Estaci\u00f3n Carnaval: invitan a conocer fechas y lugares para disfrutar los carnavales en la provincia"},"content":{"rendered":"\n<p><em>En el marco de la promoci\u00f3n de los distintos carnavales que se llevan adelante en toda la provincia, Estaci\u00f3n Carnaval propone un recorrido que destaca las propuestas locales para cada fin de semana. Comienza en Itat\u00ed y Mantilla, y culmina en febrero en Capital.<\/em><\/p>\n\n\n\n<p>El carnaval en Corrientes, con sus m\u00faltiples expresiones, se vive con intensidad cada verano en las distintas localidades de la provincia. En un cronograma completo, el ritmo y la identidad de cada ciudad proponen un recorrido \u00fanico para disfrutar todo el verano.<\/p>\n\n\n\n<p>\u201cLos carnavales son una fuente de trabajo e ingresos para los correntinos en cada localidad. La gastronom\u00eda, la hoteler\u00eda, los emprendedores y comerciantes tienen la oportunidad de aumentar sus ventas, y desde la gesti\u00f3n vamos a apoyar todas las iniciativas que movilicen la econom\u00eda local\u201d, afirm\u00f3 el gobernador Juan Pablo Vald\u00e9s.<\/p>\n\n\n\n<p>A continuaci\u00f3n el cronograma completo de los carnavales en la provincia:<\/p>\n\n\n\n<p><strong>Parada 1<\/strong><\/p>\n\n\n\n<p>16 y 17 de enero: Itat\u00ed y Mantilla<\/p>\n\n\n\n<p>17 de enero: Alvear, Bella Vista, Esquina, Goya, Ituzaing\u00f3, Monte Caseros y Saladas<\/p>\n\n\n\n<p><strong>Parada 2<\/strong><\/p>\n\n\n\n<p>23 y 24 de enero: Mantilla<\/p>\n\n\n\n<p>24 de enero: Alvear, Bella Vista, Carnaval del Iber\u00e1 (Mercedes), Esquina, Goya, Ituzaing\u00f3,<\/p>\n\n\n\n<p>Mariano I Loza, Monte Caseros, Perugorr\u00eda y Saladas<\/p>\n\n\n\n<p><strong>Parada 3<\/strong><\/p>\n\n\n\n<p>30 y 31 de enero: Itat\u00ed<\/p>\n\n\n\n<p>31 de enero: Alvear, Bella Vista, Carnaval del Iber\u00e1 (Mercedes), Curuz\u00fa Cuati\u00e1, Esquina,<\/p>\n\n\n\n<p>Goya, Ituzaing\u00f3, La Cruz, Mariano I Loza, Monte Caseros, Paso de los Libres, Perugorr\u00eda,<\/p>\n\n\n\n<p>Saladas, Santa Rosa, Santo Tom\u00e9<\/p>\n\n\n\n<p><strong>Parada 4<\/strong><\/p>\n\n\n\n<p>1, 7 y 8 de febrero: Santa Rosa<\/p>\n\n\n\n<p>6 y 7 de febrero: Curuz\u00fa Cuati\u00e1<\/p>\n\n\n\n<p>7 de febrero: Ca\u00e1 Cat\u00ed, Carnaval del Iber\u00e1 (Mercedes), Esquina, Goya, Ituzaing\u00f3, La Cruz,<\/p>\n\n\n\n<p>Mariano I Loza, Monte Caseros, Paso de los Libres, Perugorr\u00eda y Santo Tom\u00e9<\/p>\n\n\n\n<p><strong>Parada 5<\/strong><\/p>\n\n\n\n<p>13 y 14 de febrero: Monte Caseros<\/p>\n\n\n\n<p>14 de febrero: Carnaval del Iber\u00e1 (Mercedes), Curuz\u00fa Cuati\u00e1, La Cruz y Santo Tom\u00e9<\/p>\n\n\n\n<p><strong>Parada 6<\/strong><\/p>\n\n\n\n<p>14 y 15 de febrero: Paso de los Libres<\/p>\n","protected":false},"excerpt":{"rendered":"<p>En el marco de la promoci\u00f3n de los distintos carnavales que se llevan adelante en toda la provincia, Estaci\u00f3n Carnaval propone un recorrido que destaca las propuestas locales para cada&hellip; <\/p>\n","protected":false},"author":3,"featured_media":243023,"comment_status":"closed","ping_status":"open","sticky":false,"template":"","format":"standard","meta":{"footnotes":""},"categories":[8],"tags":[],"class_list":["post-243017","post","type-post","status-publish","format-standard","has-post-thumbnail","hentry","category-locales"],"_links":{"self":[{"href":"https:\/\/corrientesdetarde.com\/index.php\/wp-json\/wp\/v2\/posts\/243017","targetHints":{"allow":["GET"]}}],"collection":[{"href":"https:\/\/corrientesdetarde.com\/index.php\/wp-json\/wp\/v2\/posts"}],"about":[{"href":"https:\/\/corrientesdetarde.com\/index.php\/wp-json\/wp\/v2\/types\/post"}],"author":[{"embeddable":true,"href":"https:\/\/corrientesdetarde.com\/index.php\/wp-json\/wp\/v2\/users\/3"}],"replies":[{"embeddable":true,"href":"https:\/\/corrientesdetarde.com\/index.php\/wp-json\/wp\/v2\/comments?post=243017"}],"version-history":[{"count":1,"href":"https:\/\/corrientesdetarde.com\/index.php\/wp-json\/wp\/v2\/posts\/243017\/revisions"}],"predecessor-version":[{"id":243050,"href":"https:\/\/corrientesdetarde.com\/index.php\/wp-json\/wp\/v2\/posts\/243017\/revisions\/243050"}],"wp:featuredmedia":[{"embeddable":true,"href":"https:\/\/corrientesdetarde.com\/index.php\/wp-json\/wp\/v2\/media\/243023"}],"wp:attachment":[{"href":"https:\/\/corrientesdetarde.com\/index.php\/wp-json\/wp\/v2\/media?parent=243017"}],"wp:term":[{"taxonomy":"category","embeddable":true,"href":"https:\/\/corrientesdetarde.com\/index.php\/wp-json\/wp\/v2\/categories?post=243017"},{"taxonomy":"post_tag","embeddable":true,"href":"https:\/\/corrientesdetarde.com\/index.php\/wp-json\/wp\/v2\/tags?post=243017"}],"curies":[{"name":"wp","href":"https:\/\/api.w.org\/{rel}","templated":true}]}}