{"id":243019,"date":"2026-01-15T08:00:24","date_gmt":"2026-01-15T11:00:24","guid":{"rendered":"https:\/\/corrientesdetarde.com\/?p=243019"},"modified":"2026-01-15T08:00:25","modified_gmt":"2026-01-15T11:00:25","slug":"una-correntina-egreso-abanderada-como-oficial-de-la-prefectura-naval-y-fue-reconocida-en-su-ciudad","status":"publish","type":"post","link":"https:\/\/corrientesdetarde.com\/index.php\/informacion-general\/una-correntina-egreso-abanderada-como-oficial-de-la-prefectura-naval-y-fue-reconocida-en-su-ciudad\/","title":{"rendered":"Una correntina egres\u00f3 abanderada como oficial de la Prefectura Naval y fue reconocida en su ciudad"},"content":{"rendered":"\n<p><em>Meri Da Silva tiene 21 a\u00f1os y es oriunda de Alvear. El Concejo Deliberante de su ciudad la reconoci\u00f3 y la expres\u00f3 el orgullo de toda la comunidad. En mayo viajar\u00e1 a bordo de la Fragata ARA Libertad. En noviembre empezar\u00e1 a cumplir funciones en la Secretar\u00eda de Asuntos Internacionales de la fuerza.<\/em><\/p>\n\n\n\n<p>Saludada y destacada por la ministra de Seguridad de la Naci\u00f3n, Alejandra Monteoliva, y el Prefecto Nacional Naval Guillermo Gim\u00e9nez P\u00e9rez, Meri Ester Da Silva se convirti\u00f3 en la primera correntina en egresar como oficial de Prefectura Naval Argentina siendo abanderada. El m\u00e9rito tambi\u00e9n impuls\u00f3 el reconocimiento por parte del Concejo Deliberante de Alvear, ciudad de donde es oriunda la flamante oficial ayudante con el primer promedio de la Promoci\u00f3n 91 de la Escuela de Cadetes.<\/p>\n\n\n\n<p>Da Silva, que disfruta por estos d\u00edas de vacaciones, viajar\u00e1 como egresada, a partir de mayo, en la Fragata ARA Libertad. A fines de noviembre pr\u00f3ximo, de regreso al pa\u00eds, tiene como destino cumplir funciones en la Secretar\u00eda de Asuntos Internacionales de la Prefectura Naval, ubicada en la sede central de la instituci\u00f3n, Edificio Guardacosta en la ciudad Aut\u00f3noma de Buenos Aires.<\/p>\n\n\n\n<p>Su perseverancia, compromiso, responsabilidad y valores, le permitieron una brillante carrera en la Escuela de Oficiales de la Prefectura Argentina \u201cGeneral Mat\u00edas de Irigoyen\u201d. Fiel a su vocaci\u00f3n, terminada la escuela primeria Da Silva no pudo ingresar al nivel secundario en el Liceo Naval Militar &#8220;Almirante Storni&#8221;, en la ciudad de Posadas, provincia de Misiones, por no contar con la edad requerida. Esper\u00f3 12 meses, cursando en Alvear, para volver y ser admitida como cadete el pr\u00f3ximo a\u00f1o<\/p>\n\n\n\n<p><strong>Excelencia<\/strong><\/p>\n\n\n\n<p>Durante su formaci\u00f3n en la Escuela de Oficiales, Da Silva complet\u00f3 sus estudios sin recursar materias, mantuvo un promedio sobresaliente, y cerr\u00f3 su segundo a\u00f1o como la mejor estudiante de la instituci\u00f3n. Este desempe\u00f1o le vali\u00f3 ser ascendida en marzo de 2025 al rango de Cadete Mayor, el grado m\u00e1s alto dentro del escalaf\u00f3n de cadetes.<\/p>\n\n\n\n<p>El a\u00f1o pasado, en su tercer y \u00faltimo a\u00f1o de formaci\u00f3n, fue elegida abanderada, un honor con el cual la instituci\u00f3n distingue a quienes encarnan los m\u00e1s altos valores de la fuerza: disciplina, liderazgo, compromiso y excelencia acad\u00e9mica.<\/p>\n\n\n\n<p>Cursando la escuela primaria, Meri mostr\u00f3 cualidades sobresalientes. Ya en el jard\u00edn de infantes fue designada primer escolta, y en la Escuela Provincial N\u00b0 123 \u201cJos\u00e9 Carmelo Belmont\u201d, fue abanderada durante aquella etapa de la educaci\u00f3n en su ciudad de Alvear.<\/p>\n\n\n\n<p>Con clara vocaci\u00f3n militar, finalizada la primaria ten\u00eda como objetivo ingresar al Liceo Militar \u201cAlmirante Storni\u201d, pero al no cumplir con la edad m\u00ednima, curs\u00f3 primer a\u00f1o en el Colegio Secundario Dr. Mamerto Acu\u00f1a de Alvear. Lejos de considerar ese a\u00f1o una espera, lo vivi\u00f3 como una oportunidad de aprendizaje, motivada por su pasi\u00f3n por el conocimiento.<\/p>\n\n\n\n<p><strong>Estrella<\/strong><\/p>\n\n\n\n<p>Al a\u00f1o siguiente ingres\u00f3 al Liceo Militar en la ciudad misionera de Posadas, donde fue condecorada con cinco Rosetas, que son estrellas que se otorgan al mejor promedio por a\u00f1o.<\/p>\n\n\n\n<p>La carrera en el liceo son cinco a\u00f1os, y durante esta trayectoria acad\u00e9mica obtuvo uno de los promedios m\u00e1s altos. Este desempe\u00f1o le vali\u00f3 la&nbsp;Medalla Distintiva de la Provincia de Corrientes,&nbsp;y la recomendaci\u00f3n para ingresar a la Escuela de Oficiales de la Prefectura Naval Argentina. Sin embargo, rindi\u00f3 los ex\u00e1menes como cualquier aspirante y logr\u00f3 ingresar por m\u00e9rito propio, destac\u00e1ndose desde el inicio.<\/p>\n\n\n\n<p><strong>Orgullo alvearense<\/strong><\/p>\n\n\n\n<p>El acto de egresada, con todos los honores, se realiz\u00f3 en la Escuela de Oficiales de la Prefectura Naval Argentina en Z\u00e1rate, provincia de Buenos Aires, a fin de 2025.<\/p>\n\n\n\n<p>D\u00edas atr\u00e1s, se hizo eco el Concejo Deliberante de Alvear, \u00f3rgano deliberativo que le entreg\u00f3 un certificado de reconocimiento manifestando el orgullo alvearense por su trayectoria acad\u00e9mica.<\/p>\n\n\n\n<p>Los concejales expresaron el orgullo que siente toda la localidad de Alvear al ver a una de sus hijas ocupar un lugar tan destacado en una instituci\u00f3n nacional. Este reconocimiento del Concejo puso en valor no solo su desempe\u00f1o individual, sino tambi\u00e9n el acompa\u00f1amiento de su familia y el ejemplo que representa para las nuevas generaciones.<\/p>\n\n\n\n<p>\u201cLa contenci\u00f3n familiar ha sido fundamental. Meri es un orgullo para Alvear, un ejemplo de que con esfuerzo, perseverancia y valores claros se puede llegar lejos\u201d, destacaron los ediles alvearenses.<\/p>\n","protected":false},"excerpt":{"rendered":"<p>Meri Da Silva tiene 21 a\u00f1os y es oriunda de Alvear. El Concejo Deliberante de su ciudad la reconoci\u00f3 y la expres\u00f3 el orgullo de toda la comunidad. En mayo&hellip; <\/p>\n","protected":false},"author":3,"featured_media":243022,"comment_status":"closed","ping_status":"open","sticky":false,"template":"","format":"standard","meta":{"footnotes":""},"categories":[1],"tags":[],"class_list":["post-243019","post","type-post","status-publish","format-standard","has-post-thumbnail","hentry","category-informacion-general"],"_links":{"self":[{"href":"https:\/\/corrientesdetarde.com\/index.php\/wp-json\/wp\/v2\/posts\/243019","targetHints":{"allow":["GET"]}}],"collection":[{"href":"https:\/\/corrientesdetarde.com\/index.php\/wp-json\/wp\/v2\/posts"}],"about":[{"href":"https:\/\/corrientesdetarde.com\/index.php\/wp-json\/wp\/v2\/types\/post"}],"author":[{"embeddable":true,"href":"https:\/\/corrientesdetarde.com\/index.php\/wp-json\/wp\/v2\/users\/3"}],"replies":[{"embeddable":true,"href":"https:\/\/corrientesdetarde.com\/index.php\/wp-json\/wp\/v2\/comments?post=243019"}],"version-history":[{"count":1,"href":"https:\/\/corrientesdetarde.com\/index.php\/wp-json\/wp\/v2\/posts\/243019\/revisions"}],"predecessor-version":[{"id":243053,"href":"https:\/\/corrientesdetarde.com\/index.php\/wp-json\/wp\/v2\/posts\/243019\/revisions\/243053"}],"wp:featuredmedia":[{"embeddable":true,"href":"https:\/\/corrientesdetarde.com\/index.php\/wp-json\/wp\/v2\/media\/243022"}],"wp:attachment":[{"href":"https:\/\/corrientesdetarde.com\/index.php\/wp-json\/wp\/v2\/media?parent=243019"}],"wp:term":[{"taxonomy":"category","embeddable":true,"href":"https:\/\/corrientesdetarde.com\/index.php\/wp-json\/wp\/v2\/categories?post=243019"},{"taxonomy":"post_tag","embeddable":true,"href":"https:\/\/corrientesdetarde.com\/index.php\/wp-json\/wp\/v2\/tags?post=243019"}],"curies":[{"name":"wp","href":"https:\/\/api.w.org\/{rel}","templated":true}]}}