{"id":243027,"date":"2026-01-15T08:55:41","date_gmt":"2026-01-15T11:55:41","guid":{"rendered":"https:\/\/corrientesdetarde.com\/?p=243027"},"modified":"2026-01-15T08:55:48","modified_gmt":"2026-01-15T11:55:48","slug":"diego-aduriz-fue-designado-director-ejecutivo-de-yacyreta","status":"publish","type":"post","link":"https:\/\/corrientesdetarde.com\/index.php\/politica\/diego-aduriz-fue-designado-director-ejecutivo-de-yacyreta\/","title":{"rendered":"Diego Ad\u00fariz fue designado director ejecutivo de Yacyret\u00e1"},"content":{"rendered":"\n<p><strong><br>La Entidad Binacional Yacyret\u00e1 informa que el Sr. Diego Luis Ad\u00fariz fue designado director ejecutivo de la Entidad, mediante el Decreto N.\u00ba 15\/2026 del Poder Ejecutivo Nacional.<\/strong><\/p>\n\n\n\n<p>Hasta su designaci\u00f3n, Ad\u00fariz se ven\u00eda desempe\u00f1ando como integrante del Consejo de Administraci\u00f3n de Yacyret\u00e1, participando activamente en los procesos de an\u00e1lisis, planificaci\u00f3n y toma de decisiones vinculados a la gesti\u00f3n y proyecci\u00f3n institucional de la Entidad.<\/p>\n\n\n\n<p>En el ejercicio de sus funciones, el nuevo director ejecutivo tendr\u00e1 a su cargo la conducci\u00f3n de la gesti\u00f3n operativa e institucional, con el objetivo de dar continuidad a los proyectos estrat\u00e9gicos en marcha, fortalecer los procesos de gesti\u00f3n y profundizar el compromiso de Yacyret\u00e1 con el desarrollo energ\u00e9tico, social y ambiental en su \u00e1rea de influencia.<\/p>\n\n\n\n<p>Diego Luis Ad\u00fariz cuenta con una trayectoria profesional en el Ministerio de Econom\u00eda, ENARSA, CAMMESA, AUSA y en empresas de tecnolog\u00eda del sector privado,&nbsp;habiendo desarrollado funciones con antecedentes que respaldan su idoneidad para asumir esta responsabilidad.<\/p>\n\n\n\n<p>De acuerdo con lo dispuesto en el mismo decreto se completa el Consejo de Administraci\u00f3n designando como integrantes de ese cuerpo al Ing. Alfonso Pe\u00f1a (qui\u00e9n se ven\u00eda desempe\u00f1ando como director ejecutivo) y al Lic. Manuel Ignacio Chavarr\u00eda Bertolami.<\/p>\n\n\n\n<p>La Entidad Binacional Yacyret\u00e1 acompa\u00f1a el inicio de esta nueva etapa de gesti\u00f3n y reafirma su compromiso con una administraci\u00f3n eficiente, transparente y orientada al desarrollo sostenible, en el marco de los lineamientos establecidos por las Alta Partes.<\/p>\n","protected":false},"excerpt":{"rendered":"<p>La Entidad Binacional Yacyret\u00e1 informa que el Sr. Diego Luis Ad\u00fariz fue designado director ejecutivo de la Entidad, mediante el Decreto N.\u00ba 15\/2026 del Poder Ejecutivo Nacional. Hasta su designaci\u00f3n,&hellip; <\/p>\n","protected":false},"author":3,"featured_media":243032,"comment_status":"closed","ping_status":"open","sticky":false,"template":"","format":"standard","meta":{"footnotes":""},"categories":[3],"tags":[],"class_list":["post-243027","post","type-post","status-publish","format-standard","has-post-thumbnail","hentry","category-politica"],"_links":{"self":[{"href":"https:\/\/corrientesdetarde.com\/index.php\/wp-json\/wp\/v2\/posts\/243027","targetHints":{"allow":["GET"]}}],"collection":[{"href":"https:\/\/corrientesdetarde.com\/index.php\/wp-json\/wp\/v2\/posts"}],"about":[{"href":"https:\/\/corrientesdetarde.com\/index.php\/wp-json\/wp\/v2\/types\/post"}],"author":[{"embeddable":true,"href":"https:\/\/corrientesdetarde.com\/index.php\/wp-json\/wp\/v2\/users\/3"}],"replies":[{"embeddable":true,"href":"https:\/\/corrientesdetarde.com\/index.php\/wp-json\/wp\/v2\/comments?post=243027"}],"version-history":[{"count":1,"href":"https:\/\/corrientesdetarde.com\/index.php\/wp-json\/wp\/v2\/posts\/243027\/revisions"}],"predecessor-version":[{"id":243055,"href":"https:\/\/corrientesdetarde.com\/index.php\/wp-json\/wp\/v2\/posts\/243027\/revisions\/243055"}],"wp:featuredmedia":[{"embeddable":true,"href":"https:\/\/corrientesdetarde.com\/index.php\/wp-json\/wp\/v2\/media\/243032"}],"wp:attachment":[{"href":"https:\/\/corrientesdetarde.com\/index.php\/wp-json\/wp\/v2\/media?parent=243027"}],"wp:term":[{"taxonomy":"category","embeddable":true,"href":"https:\/\/corrientesdetarde.com\/index.php\/wp-json\/wp\/v2\/categories?post=243027"},{"taxonomy":"post_tag","embeddable":true,"href":"https:\/\/corrientesdetarde.com\/index.php\/wp-json\/wp\/v2\/tags?post=243027"}],"curies":[{"name":"wp","href":"https:\/\/api.w.org\/{rel}","templated":true}]}}