{"id":243031,"date":"2026-01-15T08:56:11","date_gmt":"2026-01-15T11:56:11","guid":{"rendered":"https:\/\/corrientesdetarde.com\/?p=243031"},"modified":"2026-01-15T08:56:13","modified_gmt":"2026-01-15T11:56:13","slug":"el-ministro-irigoyen-recorrio-el-centro-de-promocion-comunitaria-paloma-de-la-paz","status":"publish","type":"post","link":"https:\/\/corrientesdetarde.com\/index.php\/informacion-general\/el-ministro-irigoyen-recorrio-el-centro-de-promocion-comunitaria-paloma-de-la-paz\/","title":{"rendered":"El Ministro Irigoyen recorri\u00f3 el Centro de Promoci\u00f3n Comunitaria Paloma de la Paz"},"content":{"rendered":"\n<p>Este martes, el ministro de Desarrollo Social, Jos\u00e9 Irigoyen, recorri\u00f3 el Centro de Promoci\u00f3n Comunitaria Paloma de la Paz en el Barrio Ongay de Capital, con el fin de &nbsp;interiorizarse de las actividades que all\u00ed se realizan y que tienen impacto en la comunidad.<\/p>\n\n\n\n<p>Cerrando una intensa&nbsp;jornada de trabajo, el funcionario&nbsp; recorri\u00f3 talleres, espacios de recreaci\u00f3n, deportes, apoyo escolar, de prevenci\u00f3n y contenci\u00f3n sobre consumos problem\u00e1ticos, ya que son algunas de las tantas tem\u00e1ticas que aborda el equipo del Ministerio de Desarrollo Social de la Provincia.<\/p>\n\n\n\n<p>Cabe mencionar que desde el &nbsp;primer d\u00eda de gesti\u00f3n, se reafirma la impronta del gobernador Juan Pablo Vald\u00e9s&nbsp;de estar presentes, acompa\u00f1ar, asistir y tener una mirada integral por cada correntino.&nbsp;<\/p>\n","protected":false},"excerpt":{"rendered":"<p>Este martes, el ministro de Desarrollo Social, Jos\u00e9 Irigoyen, recorri\u00f3 el Centro de Promoci\u00f3n Comunitaria Paloma de la Paz en el Barrio Ongay de Capital, con el fin de &nbsp;interiorizarse&hellip; <\/p>\n","protected":false},"author":3,"featured_media":243035,"comment_status":"closed","ping_status":"open","sticky":false,"template":"","format":"standard","meta":{"footnotes":""},"categories":[1],"tags":[],"class_list":["post-243031","post","type-post","status-publish","format-standard","has-post-thumbnail","hentry","category-informacion-general"],"_links":{"self":[{"href":"https:\/\/corrientesdetarde.com\/index.php\/wp-json\/wp\/v2\/posts\/243031","targetHints":{"allow":["GET"]}}],"collection":[{"href":"https:\/\/corrientesdetarde.com\/index.php\/wp-json\/wp\/v2\/posts"}],"about":[{"href":"https:\/\/corrientesdetarde.com\/index.php\/wp-json\/wp\/v2\/types\/post"}],"author":[{"embeddable":true,"href":"https:\/\/corrientesdetarde.com\/index.php\/wp-json\/wp\/v2\/users\/3"}],"replies":[{"embeddable":true,"href":"https:\/\/corrientesdetarde.com\/index.php\/wp-json\/wp\/v2\/comments?post=243031"}],"version-history":[{"count":1,"href":"https:\/\/corrientesdetarde.com\/index.php\/wp-json\/wp\/v2\/posts\/243031\/revisions"}],"predecessor-version":[{"id":243058,"href":"https:\/\/corrientesdetarde.com\/index.php\/wp-json\/wp\/v2\/posts\/243031\/revisions\/243058"}],"wp:featuredmedia":[{"embeddable":true,"href":"https:\/\/corrientesdetarde.com\/index.php\/wp-json\/wp\/v2\/media\/243035"}],"wp:attachment":[{"href":"https:\/\/corrientesdetarde.com\/index.php\/wp-json\/wp\/v2\/media?parent=243031"}],"wp:term":[{"taxonomy":"category","embeddable":true,"href":"https:\/\/corrientesdetarde.com\/index.php\/wp-json\/wp\/v2\/categories?post=243031"},{"taxonomy":"post_tag","embeddable":true,"href":"https:\/\/corrientesdetarde.com\/index.php\/wp-json\/wp\/v2\/tags?post=243031"}],"curies":[{"name":"wp","href":"https:\/\/api.w.org\/{rel}","templated":true}]}}