{"id":243071,"date":"2026-01-15T13:32:47","date_gmt":"2026-01-15T16:32:47","guid":{"rendered":"https:\/\/corrientesdetarde.com\/?p=243071"},"modified":"2026-01-15T13:32:59","modified_gmt":"2026-01-15T16:32:59","slug":"alerta-amarilla-y-pronostico-en-corrientes-tormentas-y-alivio-termico-en-el-fin-de-semana","status":"publish","type":"post","link":"https:\/\/corrientesdetarde.com\/index.php\/clima\/alerta-amarilla-y-pronostico-en-corrientes-tormentas-y-alivio-termico-en-el-fin-de-semana\/","title":{"rendered":"Alerta amarilla y pron\u00f3stico en Corrientes: tormentas y alivio t\u00e9rmico en el fin de semana"},"content":{"rendered":"\n<p>El\u00a0<strong>pron\u00f3stico\u00a0<\/strong>del tiempo en<strong>\u00a0Corrientes<\/strong>\u00a0anticipa un cierre de semana marcado por la inestabilidad y un descenso de las temperaturas. Para este jueves, se prev\u00e9 la llegada de tormentas aisladas en la capital, con probabilidades de precipitaci\u00f3n que oscilar\u00e1n entre el 40% y el 70%.<\/p>\n\n\n\n<p>Seg\u00fan los datos oficiales del Servicio Meteorol\u00f3gico Nacional, el cambio de condiciones estar\u00e1 acompa\u00f1ado por un&nbsp;<strong>ambiente inestable<\/strong>&nbsp;durante gran parte del d\u00eda, aunque sin un alivio t\u00e9rmico significativo en las primeras horas.<\/p>\n\n\n\n<h2 class=\"wp-block-heading\">Localidades con alerta amarilla&nbsp;<\/h2>\n\n\n\n<p>El SMN&nbsp;emiti\u00f3&nbsp;<strong>alerta amarilla<\/strong>&nbsp;para este jueves 15 en las localidades de&nbsp;<strong>Mburucuy\u00e1, Bella Vista, Concepci\u00f3n, Mercedes, San Roque, Curuz\u00fa Cuati\u00e1, Paso de los Libres, Monte Caseros, Sauce, Esquina,&nbsp;San Luc\u00eda y Goya.<\/strong><\/p>\n\n\n\n<p>Se esperan&nbsp;<strong>tormentas de variada intensidad,<\/strong>&nbsp;algunas localmente fuertes, con actividad el\u00e9ctrica, posible ca\u00edda de granizo y r\u00e1fagas de viento que podr\u00edan alcanzar los 70 kil\u00f3metros por hora.<\/p>\n\n\n\n<h2 class=\"wp-block-heading\">Viernes con alerta&nbsp;para toda la provincia<\/h2>\n\n\n\n<p>La alerta amarilla se extender\u00e1 el viernes 16 a&nbsp;<strong>todo el territorio correntino.&nbsp;<\/strong>El organismo advirti\u00f3 sobre la posibilidad de fen\u00f3menos meteorol\u00f3gicos con capacidad de da\u00f1o.&nbsp;<\/p>\n\n\n\n<p>En cuanto a&nbsp;<strong>Corrientes capital<\/strong>, se estima un<strong>&nbsp;descenso de la temperatura,<\/strong>&nbsp;con una m\u00e1xima estimada en 28\u00b0C y una m\u00ednima de 21\u00b0C. Durante la ma\u00f1ana y la tarde se mantendr\u00e1 una alta probabilidad de lluvias y tormentas, mientras que para&nbsp;la noche las condiciones tender\u00edan a mejorar levemente.<\/p>\n\n\n\n<h2 class=\"wp-block-heading\">Pron\u00f3stico extendido<\/h2>\n\n\n\n<p>De acuerdo al pron\u00f3stico extendido, la inestabilidad continuar\u00e1 durante el&nbsp;<strong>fin de semana<\/strong>. Para el&nbsp;<strong>s\u00e1bado<\/strong>&nbsp;se prev\u00e9 una m\u00ednima de 23\u00b0C y una m\u00e1xima de hasta 32\u00b0C, con&nbsp;probabilidades de lluvias del 40%. En tanto, para el&nbsp;<strong>domingo&nbsp;<\/strong>18 se esperan condiciones similares.<\/p>\n","protected":false},"excerpt":{"rendered":"<p>El\u00a0pron\u00f3stico\u00a0del tiempo en\u00a0Corrientes\u00a0anticipa un cierre de semana marcado por la inestabilidad y un descenso de las temperaturas. Para este jueves, se prev\u00e9 la llegada de tormentas aisladas en la capital,&hellip; <\/p>\n","protected":false},"author":1,"featured_media":222895,"comment_status":"closed","ping_status":"open","sticky":false,"template":"","format":"standard","meta":{"footnotes":""},"categories":[29],"tags":[],"class_list":["post-243071","post","type-post","status-publish","format-standard","has-post-thumbnail","hentry","category-clima"],"_links":{"self":[{"href":"https:\/\/corrientesdetarde.com\/index.php\/wp-json\/wp\/v2\/posts\/243071","targetHints":{"allow":["GET"]}}],"collection":[{"href":"https:\/\/corrientesdetarde.com\/index.php\/wp-json\/wp\/v2\/posts"}],"about":[{"href":"https:\/\/corrientesdetarde.com\/index.php\/wp-json\/wp\/v2\/types\/post"}],"author":[{"embeddable":true,"href":"https:\/\/corrientesdetarde.com\/index.php\/wp-json\/wp\/v2\/users\/1"}],"replies":[{"embeddable":true,"href":"https:\/\/corrientesdetarde.com\/index.php\/wp-json\/wp\/v2\/comments?post=243071"}],"version-history":[{"count":1,"href":"https:\/\/corrientesdetarde.com\/index.php\/wp-json\/wp\/v2\/posts\/243071\/revisions"}],"predecessor-version":[{"id":243078,"href":"https:\/\/corrientesdetarde.com\/index.php\/wp-json\/wp\/v2\/posts\/243071\/revisions\/243078"}],"wp:featuredmedia":[{"embeddable":true,"href":"https:\/\/corrientesdetarde.com\/index.php\/wp-json\/wp\/v2\/media\/222895"}],"wp:attachment":[{"href":"https:\/\/corrientesdetarde.com\/index.php\/wp-json\/wp\/v2\/media?parent=243071"}],"wp:term":[{"taxonomy":"category","embeddable":true,"href":"https:\/\/corrientesdetarde.com\/index.php\/wp-json\/wp\/v2\/categories?post=243071"},{"taxonomy":"post_tag","embeddable":true,"href":"https:\/\/corrientesdetarde.com\/index.php\/wp-json\/wp\/v2\/tags?post=243071"}],"curies":[{"name":"wp","href":"https:\/\/api.w.org\/{rel}","templated":true}]}}